{"id":1033,"date":"2012-12-20T13:42:19","date_gmt":"2012-12-20T11:42:19","guid":{"rendered":"http:\/\/www.wolle-landleben-design.de\/?p=1033"},"modified":"2018-02-22T18:27:43","modified_gmt":"2018-02-22T16:27:43","slug":"matthes-spindeln-1","status":"publish","type":"post","link":"http:\/\/www.wolle-landleben-design.de\/?p=1033","title":{"rendered":"Matthes &#8211; Spindeln 1"},"content":{"rendered":"<p style=\"text-align: center;\">Meine ersten Matthesspindeln<br \/>\n<img loading=\"lazy\" decoding=\"async\" class=\"aligncenter size-full wp-image-1034\" src=\"http:\/\/www.wolle-landleben-design.de\/wp-content\/uploads\/2015\/03\/IMG_1535-1.jpg\" alt=\"IMG_1535-1\" width=\"500\" height=\"333\" srcset=\"http:\/\/www.wolle-landleben-design.de\/wp-content\/uploads\/2015\/03\/IMG_1535-1.jpg 500w, http:\/\/www.wolle-landleben-design.de\/wp-content\/uploads\/2015\/03\/IMG_1535-1-150x100.jpg 150w, http:\/\/www.wolle-landleben-design.de\/wp-content\/uploads\/2015\/03\/IMG_1535-1-300x200.jpg 300w, http:\/\/www.wolle-landleben-design.de\/wp-content\/uploads\/2015\/03\/IMG_1535-1-450x300.jpg 450w\" sizes=\"auto, (max-width: 500px) 100vw, 500px\" \/>eine supported<br \/>\n<img loading=\"lazy\" decoding=\"async\" class=\"aligncenter size-full wp-image-1035\" src=\"http:\/\/www.wolle-landleben-design.de\/wp-content\/uploads\/2015\/03\/IMG_1537-1.jpg\" alt=\"IMG_1537-1\" width=\"500\" height=\"333\" srcset=\"http:\/\/www.wolle-landleben-design.de\/wp-content\/uploads\/2015\/03\/IMG_1537-1.jpg 500w, http:\/\/www.wolle-landleben-design.de\/wp-content\/uploads\/2015\/03\/IMG_1537-1-150x100.jpg 150w, http:\/\/www.wolle-landleben-design.de\/wp-content\/uploads\/2015\/03\/IMG_1537-1-300x200.jpg 300w, http:\/\/www.wolle-landleben-design.de\/wp-content\/uploads\/2015\/03\/IMG_1537-1-450x300.jpg 450w\" sizes=\"auto, (max-width: 500px) 100vw, 500px\" \/>L\u00e4nge : 27 cm<br \/>\nSchaft : Nussbaum<br \/>\nWirtel : Wenge, Eibe, Red Heart<br \/>\nSch\u00e4lchen : Olive<br \/>\n<img loading=\"lazy\" decoding=\"async\" class=\"aligncenter size-full wp-image-1036\" src=\"http:\/\/www.wolle-landleben-design.de\/wp-content\/uploads\/2015\/03\/IMG_1540-1.jpg\" alt=\"IMG_1540-1\" width=\"500\" height=\"333\" srcset=\"http:\/\/www.wolle-landleben-design.de\/wp-content\/uploads\/2015\/03\/IMG_1540-1.jpg 500w, http:\/\/www.wolle-landleben-design.de\/wp-content\/uploads\/2015\/03\/IMG_1540-1-150x100.jpg 150w, http:\/\/www.wolle-landleben-design.de\/wp-content\/uploads\/2015\/03\/IMG_1540-1-300x200.jpg 300w, http:\/\/www.wolle-landleben-design.de\/wp-content\/uploads\/2015\/03\/IMG_1540-1-450x300.jpg 450w\" sizes=\"auto, (max-width: 500px) 100vw, 500px\" \/>eine Kopfspindel ( Nr. 42 )<br \/>\n<img loading=\"lazy\" decoding=\"async\" class=\"aligncenter size-full wp-image-1037\" src=\"http:\/\/www.wolle-landleben-design.de\/wp-content\/uploads\/2015\/03\/IMG_1538-1.jpg\" alt=\"IMG_1538-1\" width=\"500\" height=\"333\" srcset=\"http:\/\/www.wolle-landleben-design.de\/wp-content\/uploads\/2015\/03\/IMG_1538-1.jpg 500w, http:\/\/www.wolle-landleben-design.de\/wp-content\/uploads\/2015\/03\/IMG_1538-1-150x100.jpg 150w, http:\/\/www.wolle-landleben-design.de\/wp-content\/uploads\/2015\/03\/IMG_1538-1-300x200.jpg 300w, http:\/\/www.wolle-landleben-design.de\/wp-content\/uploads\/2015\/03\/IMG_1538-1-450x300.jpg 450w\" sizes=\"auto, (max-width: 500px) 100vw, 500px\" \/>L\u00e4nge : 27 cm<br \/>\nSchaft : gestockte Birne<br \/>\nWirtel : Kirsche<br \/>\nGewicht : 27 g<\/p>\n<p style=\"text-align: center;\">und eine Tiefenwirtelspindel ( Nr.46 )<\/p>\n<p style=\"text-align: center;\"><img loading=\"lazy\" decoding=\"async\" class=\"aligncenter size-full wp-image-1038\" src=\"http:\/\/www.wolle-landleben-design.de\/wp-content\/uploads\/2015\/03\/IMG_1543-1.jpg\" alt=\"IMG_1543-1\" width=\"500\" height=\"333\" srcset=\"http:\/\/www.wolle-landleben-design.de\/wp-content\/uploads\/2015\/03\/IMG_1543-1.jpg 500w, http:\/\/www.wolle-landleben-design.de\/wp-content\/uploads\/2015\/03\/IMG_1543-1-150x100.jpg 150w, http:\/\/www.wolle-landleben-design.de\/wp-content\/uploads\/2015\/03\/IMG_1543-1-300x200.jpg 300w, http:\/\/www.wolle-landleben-design.de\/wp-content\/uploads\/2015\/03\/IMG_1543-1-450x300.jpg 450w\" sizes=\"auto, (max-width: 500px) 100vw, 500px\" \/>L\u00e4nge : 27 cm<br \/>\nSchaft : Wenge<br \/>\nWirtel : Eibe<br \/>\nGewicht : 37 g<\/p>\n","protected":false},"excerpt":{"rendered":"<p>Meine ersten Matthesspindeln eine supported L\u00e4nge : 27 cm Schaft : Nussbaum Wirtel : Wenge, Eibe, Red Heart Sch\u00e4lchen : Olive eine Kopfspindel ( Nr. 42 ) L\u00e4nge : 27 cm Schaft : gestockte Birne Wirtel : Kirsche Gewicht : &hellip; <a href=\"http:\/\/www.wolle-landleben-design.de\/?p=1033\">Weiterlesen <span class=\"meta-nav\">&rarr;<\/span><\/a><\/p>\n","protected":false},"author":1,"featured_media":0,"comment_status":"closed","ping_status":"open","sticky":false,"template":"","format":"standard","meta":{"footnotes":""},"categories":[6],"tags":[94],"class_list":["post-1033","post","type-post","status-publish","format-standard","hentry","category-gerate","tag-mathes-spindeln"],"_links":{"self":[{"href":"http:\/\/www.wolle-landleben-design.de\/index.php?rest_route=\/wp\/v2\/posts\/1033","targetHints":{"allow":["GET"]}}],"collection":[{"href":"http:\/\/www.wolle-landleben-design.de\/index.php?rest_route=\/wp\/v2\/posts"}],"about":[{"href":"http:\/\/www.wolle-landleben-design.de\/index.php?rest_route=\/wp\/v2\/types\/post"}],"author":[{"embeddable":true,"href":"http:\/\/www.wolle-landleben-design.de\/index.php?rest_route=\/wp\/v2\/users\/1"}],"replies":[{"embeddable":true,"href":"http:\/\/www.wolle-landleben-design.de\/index.php?rest_route=%2Fwp%2Fv2%2Fcomments&post=1033"}],"version-history":[{"count":2,"href":"http:\/\/www.wolle-landleben-design.de\/index.php?rest_route=\/wp\/v2\/posts\/1033\/revisions"}],"predecessor-version":[{"id":1040,"href":"http:\/\/www.wolle-landleben-design.de\/index.php?rest_route=\/wp\/v2\/posts\/1033\/revisions\/1040"}],"wp:attachment":[{"href":"http:\/\/www.wolle-landleben-design.de\/index.php?rest_route=%2Fwp%2Fv2%2Fmedia&parent=1033"}],"wp:term":[{"taxonomy":"category","embeddable":true,"href":"http:\/\/www.wolle-landleben-design.de\/index.php?rest_route=%2Fwp%2Fv2%2Fcategories&post=1033"},{"taxonomy":"post_tag","embeddable":true,"href":"http:\/\/www.wolle-landleben-design.de\/index.php?rest_route=%2Fwp%2Fv2%2Ftags&post=1033"}],"curies":[{"name":"wp","href":"https:\/\/api.w.org\/{rel}","templated":true}]}}