{"id":1068,"date":"2015-04-21T19:05:35","date_gmt":"2015-04-21T17:05:35","guid":{"rendered":"http:\/\/www.wolle-landleben-design.de\/?p=1068"},"modified":"2018-05-16T18:20:13","modified_gmt":"2018-05-16T16:20:13","slug":"von-fasern-farben-und-faeden","status":"publish","type":"post","link":"http:\/\/www.wolle-landleben-design.de\/?p=1068","title":{"rendered":"Von Fasern, Farben und F\u00e4den"},"content":{"rendered":"<p style=\"text-align: center;\">Es ist da, das neue Buch von <em>Ulrike Bogdan<\/em>,<br \/>\nals Ausdruck, damit ich es bei diesem sch\u00f6nen Wetter drau\u00dfen genie\u00dfen kann!<br \/>\n<img loading=\"lazy\" decoding=\"async\" class=\"aligncenter size-full wp-image-1069\" src=\"http:\/\/www.wolle-landleben-design.de\/wp-content\/uploads\/2015\/04\/IMG_1657-1.jpg\" alt=\"IMG_1657-1\" width=\"357\" height=\"500\" srcset=\"http:\/\/www.wolle-landleben-design.de\/wp-content\/uploads\/2015\/04\/IMG_1657-1.jpg 357w, http:\/\/www.wolle-landleben-design.de\/wp-content\/uploads\/2015\/04\/IMG_1657-1-107x150.jpg 107w, http:\/\/www.wolle-landleben-design.de\/wp-content\/uploads\/2015\/04\/IMG_1657-1-214x300.jpg 214w\" sizes=\"auto, (max-width: 357px) 100vw, 357px\" \/>Und dieses Buch kann man nur genie\u00dfen,<br \/>\nnicht nur wegen des umfassenden\u00a0Inhaltes<strong><a href=\"http:\/\/www.nemo-ignorat.de\/images\/kunde\/buch\/von%20fasern%20farben%20und%20faeden%20Auszug.pdf\" target=\"_blank\" rel=\"noopener\"><em><strong>,<\/strong><\/em><br \/>\n<\/a><\/strong>sondern auch wegen der vielen\u00a0interessanten<br \/>\nHintergrundinformationen.<\/p>\n","protected":false},"excerpt":{"rendered":"<p>Es ist da, das neue Buch von Ulrike Bogdan, als Ausdruck, damit ich es bei diesem sch\u00f6nen Wetter drau\u00dfen genie\u00dfen kann! Und dieses Buch kann man nur genie\u00dfen, nicht nur wegen des umfassenden\u00a0Inhaltes, sondern auch wegen der vielen\u00a0interessanten Hintergrundinformationen.<\/p>\n","protected":false},"author":1,"featured_media":0,"comment_status":"closed","ping_status":"open","sticky":false,"template":"","format":"standard","meta":{"footnotes":""},"categories":[1],"tags":[47,17,46],"class_list":["post-1068","post","type-post","status-publish","format-standard","hentry","category-allgemein","tag-faeden","tag-farben","tag-fasern"],"_links":{"self":[{"href":"http:\/\/www.wolle-landleben-design.de\/index.php?rest_route=\/wp\/v2\/posts\/1068","targetHints":{"allow":["GET"]}}],"collection":[{"href":"http:\/\/www.wolle-landleben-design.de\/index.php?rest_route=\/wp\/v2\/posts"}],"about":[{"href":"http:\/\/www.wolle-landleben-design.de\/index.php?rest_route=\/wp\/v2\/types\/post"}],"author":[{"embeddable":true,"href":"http:\/\/www.wolle-landleben-design.de\/index.php?rest_route=\/wp\/v2\/users\/1"}],"replies":[{"embeddable":true,"href":"http:\/\/www.wolle-landleben-design.de\/index.php?rest_route=%2Fwp%2Fv2%2Fcomments&post=1068"}],"version-history":[{"count":3,"href":"http:\/\/www.wolle-landleben-design.de\/index.php?rest_route=\/wp\/v2\/posts\/1068\/revisions"}],"predecessor-version":[{"id":1594,"href":"http:\/\/www.wolle-landleben-design.de\/index.php?rest_route=\/wp\/v2\/posts\/1068\/revisions\/1594"}],"wp:attachment":[{"href":"http:\/\/www.wolle-landleben-design.de\/index.php?rest_route=%2Fwp%2Fv2%2Fmedia&parent=1068"}],"wp:term":[{"taxonomy":"category","embeddable":true,"href":"http:\/\/www.wolle-landleben-design.de\/index.php?rest_route=%2Fwp%2Fv2%2Fcategories&post=1068"},{"taxonomy":"post_tag","embeddable":true,"href":"http:\/\/www.wolle-landleben-design.de\/index.php?rest_route=%2Fwp%2Fv2%2Ftags&post=1068"}],"curies":[{"name":"wp","href":"https:\/\/api.w.org\/{rel}","templated":true}]}}