{"id":1296,"date":"2015-11-04T18:37:56","date_gmt":"2015-11-04T16:37:56","guid":{"rendered":"http:\/\/www.wolle-landleben-design.de\/?p=1296"},"modified":"2018-02-22T17:51:26","modified_gmt":"2018-02-22T15:51:26","slug":"walnussschalen","status":"publish","type":"post","link":"http:\/\/www.wolle-landleben-design.de\/?p=1296","title":{"rendered":"Walnussschalen"},"content":{"rendered":"<p style=\"text-align: center;\"><img loading=\"lazy\" decoding=\"async\" class=\"aligncenter size-full wp-image-1298\" src=\"http:\/\/www.wolle-landleben-design.de\/wp-content\/uploads\/2015\/11\/IMG_2184-1.jpg\" alt=\"IMG_2184-1\" width=\"500\" height=\"333\" srcset=\"http:\/\/www.wolle-landleben-design.de\/wp-content\/uploads\/2015\/11\/IMG_2184-1.jpg 500w, http:\/\/www.wolle-landleben-design.de\/wp-content\/uploads\/2015\/11\/IMG_2184-1-150x100.jpg 150w, http:\/\/www.wolle-landleben-design.de\/wp-content\/uploads\/2015\/11\/IMG_2184-1-300x200.jpg 300w, http:\/\/www.wolle-landleben-design.de\/wp-content\/uploads\/2015\/11\/IMG_2184-1-450x300.jpg 450w\" sizes=\"auto, (max-width: 500px) 100vw, 500px\" \/>In diesem Jahr\u00a0lieferte uns unser selbst gezogener Walnussbaum\u00a0zum ersten Mal richtig viele N\u00fcsse, so dass trotz Eichh\u00f6rnchen und Hunde<br \/>\nauch genug f\u00fcr uns \u00fcbrig blieben.<br \/>\nUnd zum ersten Mal lohnte es sich, die gr\u00fcnen Schalen zu sammeln<br \/>\num damit zu f\u00e4rben.<br \/>\n<img loading=\"lazy\" decoding=\"async\" class=\"aligncenter size-full wp-image-1299\" src=\"http:\/\/www.wolle-landleben-design.de\/wp-content\/uploads\/2015\/11\/IMG_2192-1.jpg\" alt=\"IMG_2192-1\" width=\"333\" height=\"500\" srcset=\"http:\/\/www.wolle-landleben-design.de\/wp-content\/uploads\/2015\/11\/IMG_2192-1.jpg 333w, http:\/\/www.wolle-landleben-design.de\/wp-content\/uploads\/2015\/11\/IMG_2192-1-100x150.jpg 100w, http:\/\/www.wolle-landleben-design.de\/wp-content\/uploads\/2015\/11\/IMG_2192-1-200x300.jpg 200w\" sizes=\"auto, (max-width: 333px) 100vw, 333px\" \/><\/p>\n","protected":false},"excerpt":{"rendered":"<p>In diesem Jahr\u00a0lieferte uns unser selbst gezogener Walnussbaum\u00a0zum ersten Mal richtig viele N\u00fcsse, so dass trotz Eichh\u00f6rnchen und Hunde auch genug f\u00fcr uns \u00fcbrig blieben. Und zum ersten Mal lohnte es sich, die gr\u00fcnen Schalen zu sammeln um damit zu &hellip; <a href=\"http:\/\/www.wolle-landleben-design.de\/?p=1296\">Weiterlesen <span class=\"meta-nav\">&rarr;<\/span><\/a><\/p>\n","protected":false},"author":1,"featured_media":0,"comment_status":"closed","ping_status":"open","sticky":false,"template":"","format":"standard","meta":{"footnotes":""},"categories":[3],"tags":[17,89,88],"class_list":["post-1296","post","type-post","status-publish","format-standard","hentry","category-wolle-und-farben","tag-farben","tag-pflanzenfarben","tag-walnussschalen"],"_links":{"self":[{"href":"http:\/\/www.wolle-landleben-design.de\/index.php?rest_route=\/wp\/v2\/posts\/1296","targetHints":{"allow":["GET"]}}],"collection":[{"href":"http:\/\/www.wolle-landleben-design.de\/index.php?rest_route=\/wp\/v2\/posts"}],"about":[{"href":"http:\/\/www.wolle-landleben-design.de\/index.php?rest_route=\/wp\/v2\/types\/post"}],"author":[{"embeddable":true,"href":"http:\/\/www.wolle-landleben-design.de\/index.php?rest_route=\/wp\/v2\/users\/1"}],"replies":[{"embeddable":true,"href":"http:\/\/www.wolle-landleben-design.de\/index.php?rest_route=%2Fwp%2Fv2%2Fcomments&post=1296"}],"version-history":[{"count":3,"href":"http:\/\/www.wolle-landleben-design.de\/index.php?rest_route=\/wp\/v2\/posts\/1296\/revisions"}],"predecessor-version":[{"id":1509,"href":"http:\/\/www.wolle-landleben-design.de\/index.php?rest_route=\/wp\/v2\/posts\/1296\/revisions\/1509"}],"wp:attachment":[{"href":"http:\/\/www.wolle-landleben-design.de\/index.php?rest_route=%2Fwp%2Fv2%2Fmedia&parent=1296"}],"wp:term":[{"taxonomy":"category","embeddable":true,"href":"http:\/\/www.wolle-landleben-design.de\/index.php?rest_route=%2Fwp%2Fv2%2Fcategories&post=1296"},{"taxonomy":"post_tag","embeddable":true,"href":"http:\/\/www.wolle-landleben-design.de\/index.php?rest_route=%2Fwp%2Fv2%2Ftags&post=1296"}],"curies":[{"name":"wp","href":"https:\/\/api.w.org\/{rel}","templated":true}]}}