{"id":14,"date":"2012-02-20T11:30:36","date_gmt":"2012-02-20T09:30:36","guid":{"rendered":""},"modified":"2018-02-22T18:41:33","modified_gmt":"2018-02-22T16:41:33","slug":"leinentischlaufer-fur-die-ostertafel","status":"publish","type":"post","link":"http:\/\/www.wolle-landleben-design.de\/?p=14","title":{"rendered":"Leinentischl\u00e4ufer f\u00fcr die Ostertafel"},"content":{"rendered":"<p>Halbgebleichtes 16\/2 Bockens Lingarn 100% f\u00fcr die Kette und einige Schussf\u00e4den und &#8222;Bauernleinen&#8220; f\u00fcr den Schuss.<br \/>\nBreite :\u00a0 60 cm<br \/>\nL\u00e4nge : 180 cm<br \/>\nKamm : 40\/10<br \/>\nMuster :\u00a0 verschiedene Dreher und Gerstenkorn<\/p>\n<p>Begonnen habe ich mit einem einfachen Dreher.<br \/>\nDie einzelnen Muster werden mit einigen Reihen des Lingarns begrenzt, die Muster selbst und einige cm zwischen den Mustern webe ich mit Bauernleinen.<br \/>\nDas zweite Muster ist ein Dreher mit zwei F\u00e4den:<br \/>\n<a href=\"http:\/\/www.wolle-landleben-design.de\/wp-content\/uploads\/2012\/09\/IMG_7747-2.jpg\"><img loading=\"lazy\" decoding=\"async\" class=\"size-full wp-image-29 aligncenter\" title=\"IMG_7747-2\" src=\"http:\/\/www.wolle-landleben-design.de\/wp-content\/uploads\/2012\/09\/IMG_7747-2.jpg\" alt=\"\" width=\"450\" height=\"300\" \/><\/a>Nun folgen Spielereien mit Drehern :<br \/>\n<a href=\"http:\/\/www.wolle-landleben-design.de\/wp-content\/uploads\/2012\/09\/IMG_7746-2.jpg\"><img loading=\"lazy\" decoding=\"async\" class=\"size-full wp-image-30 aligncenter\" title=\"IMG_7746-2\" src=\"http:\/\/www.wolle-landleben-design.de\/wp-content\/uploads\/2012\/09\/IMG_7746-2.jpg\" alt=\"\" width=\"450\" height=\"300\" \/><\/a><a href=\"http:\/\/www.wolle-landleben-design.de\/wp-content\/uploads\/2012\/09\/IMG_7745-2.jpg\"><img loading=\"lazy\" decoding=\"async\" class=\" wp-image-28 aligncenter\" title=\"IMG_7745-2\" src=\"http:\/\/www.wolle-landleben-design.de\/wp-content\/uploads\/2012\/09\/IMG_7745-2.jpg\" alt=\"\" width=\"450\" height=\"300\" \/><\/a><a href=\"http:\/\/www.wolle-landleben-design.de\/wp-content\/uploads\/2012\/09\/IMG_7744-2.jpg\"><img loading=\"lazy\" decoding=\"async\" class=\"size-full wp-image-18 aligncenter\" title=\"IMG_7744-2\" src=\"http:\/\/www.wolle-landleben-design.de\/wp-content\/uploads\/2012\/09\/IMG_7744-2.jpg\" alt=\"\" width=\"450\" height=\"300\" \/><\/a><a href=\"http:\/\/www.wolle-landleben-design.de\/wp-content\/uploads\/2012\/09\/IMG_7743-2.jpg\"><img loading=\"lazy\" decoding=\"async\" class=\"size-full wp-image-19 aligncenter\" title=\"IMG_7743-2\" src=\"http:\/\/www.wolle-landleben-design.de\/wp-content\/uploads\/2012\/09\/IMG_7743-2.jpg\" alt=\"\" width=\"450\" height=\"300\" \/><\/a><a href=\"http:\/\/www.wolle-landleben-design.de\/wp-content\/uploads\/2012\/09\/IMG_7742-2.jpg\"><img loading=\"lazy\" decoding=\"async\" class=\"size-full wp-image-20 aligncenter\" title=\"IMG_7742-2\" src=\"http:\/\/www.wolle-landleben-design.de\/wp-content\/uploads\/2012\/09\/IMG_7742-2.jpg\" alt=\"\" width=\"450\" height=\"300\" \/><\/a><\/p>\n<p>Die Mitte\u00a0der Decke bilden zwei Gerstenkornrauten und ein kleines Drehermuster.<br \/>\n<a href=\"http:\/\/www.wolle-landleben-design.de\/wp-content\/uploads\/2012\/09\/IMG_8175-2.jpg\"><img loading=\"lazy\" decoding=\"async\" class=\"size-full wp-image-21 aligncenter\" title=\"IMG_8175-2\" src=\"http:\/\/www.wolle-landleben-design.de\/wp-content\/uploads\/2012\/09\/IMG_8175-2.jpg\" alt=\"\" width=\"450\" height=\"300\" \/><\/a><a href=\"http:\/\/www.wolle-landleben-design.de\/wp-content\/uploads\/2012\/09\/IMG_8177-1.jpg\"><img loading=\"lazy\" decoding=\"async\" class=\"size-full wp-image-22 aligncenter\" title=\"IMG_8177-1\" src=\"http:\/\/www.wolle-landleben-design.de\/wp-content\/uploads\/2012\/09\/IMG_8177-1.jpg\" alt=\"\" width=\"450\" height=\"300\" \/><\/a><\/p>\n<p>Bis zum Ende des La\u00fcfers werden die Muster in entgegengesetzter Reihenfolge gewebt.<br \/>\nAls Abschluss habe ich eine Knotenvariation gew\u00e4hlt.<br \/>\n<a href=\"http:\/\/www.wolle-landleben-design.de\/wp-content\/uploads\/2012\/09\/IMG_8182-2.jpg\"><img loading=\"lazy\" decoding=\"async\" class=\"size-full wp-image-23 aligncenter\" title=\"IMG_8182-2\" src=\"http:\/\/www.wolle-landleben-design.de\/wp-content\/uploads\/2012\/09\/IMG_8182-2.jpg\" alt=\"\" width=\"450\" height=\"300\" \/><\/a>Erstes und letztes Muster ist der einfachste Dreher.<\/p>\n<p>&nbsp;<\/p>\n<p>&nbsp;<\/p>\n<p>&nbsp;<\/p>\n","protected":false},"excerpt":{"rendered":"<p>Halbgebleichtes 16\/2 Bockens Lingarn 100% f\u00fcr die Kette und einige Schussf\u00e4den und &#8222;Bauernleinen&#8220; f\u00fcr den Schuss. Breite :\u00a0 60 cm L\u00e4nge : 180 cm Kamm : 40\/10 Muster :\u00a0 verschiedene Dreher und Gerstenkorn Begonnen habe ich mit einem einfachen Dreher. &hellip; <a href=\"http:\/\/www.wolle-landleben-design.de\/?p=14\">Weiterlesen <span class=\"meta-nav\">&rarr;<\/span><\/a><\/p>\n","protected":false},"author":1,"featured_media":0,"comment_status":"closed","ping_status":"open","sticky":false,"template":"","format":"standard","meta":{"footnotes":""},"categories":[5],"tags":[26,23,24,25,67],"class_list":["post-14","post","type-post","status-publish","format-standard","hentry","category-design","tag-bockens-lingarn","tag-dreher","tag-gerstenkorn","tag-leinen","tag-weben"],"_links":{"self":[{"href":"http:\/\/www.wolle-landleben-design.de\/index.php?rest_route=\/wp\/v2\/posts\/14","targetHints":{"allow":["GET"]}}],"collection":[{"href":"http:\/\/www.wolle-landleben-design.de\/index.php?rest_route=\/wp\/v2\/posts"}],"about":[{"href":"http:\/\/www.wolle-landleben-design.de\/index.php?rest_route=\/wp\/v2\/types\/post"}],"author":[{"embeddable":true,"href":"http:\/\/www.wolle-landleben-design.de\/index.php?rest_route=\/wp\/v2\/users\/1"}],"replies":[{"embeddable":true,"href":"http:\/\/www.wolle-landleben-design.de\/index.php?rest_route=%2Fwp%2Fv2%2Fcomments&post=14"}],"version-history":[{"count":15,"href":"http:\/\/www.wolle-landleben-design.de\/index.php?rest_route=\/wp\/v2\/posts\/14\/revisions"}],"predecessor-version":[{"id":37,"href":"http:\/\/www.wolle-landleben-design.de\/index.php?rest_route=\/wp\/v2\/posts\/14\/revisions\/37"}],"wp:attachment":[{"href":"http:\/\/www.wolle-landleben-design.de\/index.php?rest_route=%2Fwp%2Fv2%2Fmedia&parent=14"}],"wp:term":[{"taxonomy":"category","embeddable":true,"href":"http:\/\/www.wolle-landleben-design.de\/index.php?rest_route=%2Fwp%2Fv2%2Fcategories&post=14"},{"taxonomy":"post_tag","embeddable":true,"href":"http:\/\/www.wolle-landleben-design.de\/index.php?rest_route=%2Fwp%2Fv2%2Ftags&post=14"}],"curies":[{"name":"wp","href":"https:\/\/api.w.org\/{rel}","templated":true}]}}