{"id":1447,"date":"2017-07-07T19:22:24","date_gmt":"2017-07-07T17:22:24","guid":{"rendered":"http:\/\/www.wolle-landleben-design.de\/?p=1447"},"modified":"2017-07-08T09:17:39","modified_gmt":"2017-07-08T07:17:39","slug":"1447","status":"publish","type":"post","link":"http:\/\/www.wolle-landleben-design.de\/?p=1447","title":{"rendered":""},"content":{"rendered":"<p style=\"text-align: center;\">Nein, keine Solarf\u00e4rbungen, sondern Ans\u00e4tze f\u00fcr einen Magenbitter.<br \/>\nDer ist zu Sankt Martin fertig, passend zum ersten <a href=\"http:\/\/www.wolle-landleben-design.de\/?p=627\" target=\"_blank\"><em><strong>G\u00e4nse<\/strong><\/em><\/a>braten.<br \/>\n<img loading=\"lazy\" decoding=\"async\" class=\"aligncenter size-full wp-image-1448\" src=\"http:\/\/www.wolle-landleben-design.de\/wp-content\/uploads\/2017\/07\/IMG_2966-1.jpg\" alt=\"IMG_2966-1\" width=\"600\" height=\"400\" srcset=\"http:\/\/www.wolle-landleben-design.de\/wp-content\/uploads\/2017\/07\/IMG_2966-1.jpg 600w, http:\/\/www.wolle-landleben-design.de\/wp-content\/uploads\/2017\/07\/IMG_2966-1-150x100.jpg 150w, http:\/\/www.wolle-landleben-design.de\/wp-content\/uploads\/2017\/07\/IMG_2966-1-300x200.jpg 300w, http:\/\/www.wolle-landleben-design.de\/wp-content\/uploads\/2017\/07\/IMG_2966-1-450x300.jpg 450w\" sizes=\"auto, (max-width: 600px) 100vw, 600px\" \/>Falls was \u00fcbrig bleibt, schmeckt er auch im Sommer zu Wachteln aus dem Dutchoven<\/p>\n","protected":false},"excerpt":{"rendered":"<p>Nein, keine Solarf\u00e4rbungen, sondern Ans\u00e4tze f\u00fcr einen Magenbitter. Der ist zu Sankt Martin fertig, passend zum ersten G\u00e4nsebraten. Falls was \u00fcbrig bleibt, schmeckt er auch im Sommer zu Wachteln aus dem Dutchoven<\/p>\n","protected":false},"author":1,"featured_media":0,"comment_status":"closed","ping_status":"open","sticky":false,"template":"","format":"standard","meta":{"footnotes":""},"categories":[4],"tags":[],"class_list":["post-1447","post","type-post","status-publish","format-standard","hentry","category-landleben-garten-tiere"],"_links":{"self":[{"href":"http:\/\/www.wolle-landleben-design.de\/index.php?rest_route=\/wp\/v2\/posts\/1447","targetHints":{"allow":["GET"]}}],"collection":[{"href":"http:\/\/www.wolle-landleben-design.de\/index.php?rest_route=\/wp\/v2\/posts"}],"about":[{"href":"http:\/\/www.wolle-landleben-design.de\/index.php?rest_route=\/wp\/v2\/types\/post"}],"author":[{"embeddable":true,"href":"http:\/\/www.wolle-landleben-design.de\/index.php?rest_route=\/wp\/v2\/users\/1"}],"replies":[{"embeddable":true,"href":"http:\/\/www.wolle-landleben-design.de\/index.php?rest_route=%2Fwp%2Fv2%2Fcomments&post=1447"}],"version-history":[{"count":2,"href":"http:\/\/www.wolle-landleben-design.de\/index.php?rest_route=\/wp\/v2\/posts\/1447\/revisions"}],"predecessor-version":[{"id":1458,"href":"http:\/\/www.wolle-landleben-design.de\/index.php?rest_route=\/wp\/v2\/posts\/1447\/revisions\/1458"}],"wp:attachment":[{"href":"http:\/\/www.wolle-landleben-design.de\/index.php?rest_route=%2Fwp%2Fv2%2Fmedia&parent=1447"}],"wp:term":[{"taxonomy":"category","embeddable":true,"href":"http:\/\/www.wolle-landleben-design.de\/index.php?rest_route=%2Fwp%2Fv2%2Fcategories&post=1447"},{"taxonomy":"post_tag","embeddable":true,"href":"http:\/\/www.wolle-landleben-design.de\/index.php?rest_route=%2Fwp%2Fv2%2Ftags&post=1447"}],"curies":[{"name":"wp","href":"https:\/\/api.w.org\/{rel}","templated":true}]}}