{"id":1499,"date":"2018-02-14T18:27:20","date_gmt":"2018-02-14T16:27:20","guid":{"rendered":"http:\/\/www.wolle-landleben-design.de\/?p=1499"},"modified":"2018-05-16T18:12:22","modified_gmt":"2018-05-16T16:12:22","slug":"sew-together-bag","status":"publish","type":"post","link":"http:\/\/www.wolle-landleben-design.de\/?p=1499","title":{"rendered":"Sew Together Bag"},"content":{"rendered":"<p style=\"text-align: center;\">aus<strong><strong>\u00a0<\/strong><\/strong>der aufgetrennten Leinenbluse,<br \/>\nderen Stoffrest schon in einem Puppenkleid vern\u00e4ht wurde.<br \/>\n<img loading=\"lazy\" decoding=\"async\" class=\"aligncenter size-full wp-image-1500\" src=\"http:\/\/www.wolle-landleben-design.de\/wp-content\/uploads\/2018\/02\/IMG_3115-1.jpg\" alt=\"IMG_3115-1\" width=\"600\" height=\"400\" srcset=\"http:\/\/www.wolle-landleben-design.de\/wp-content\/uploads\/2018\/02\/IMG_3115-1.jpg 600w, http:\/\/www.wolle-landleben-design.de\/wp-content\/uploads\/2018\/02\/IMG_3115-1-150x100.jpg 150w, http:\/\/www.wolle-landleben-design.de\/wp-content\/uploads\/2018\/02\/IMG_3115-1-300x200.jpg 300w, http:\/\/www.wolle-landleben-design.de\/wp-content\/uploads\/2018\/02\/IMG_3115-1-450x300.jpg 450w\" sizes=\"auto, (max-width: 600px) 100vw, 600px\" \/>Nun fehlt mir noch ein ausgefallener Knopf oder so<br \/>\num die beiden Rei\u00dfverschlussenden zu einem Tragegriff zu verbinden.<br \/>\n<img loading=\"lazy\" decoding=\"async\" class=\"aligncenter size-full wp-image-1502\" src=\"http:\/\/www.wolle-landleben-design.de\/wp-content\/uploads\/2016\/03\/IMG_3117-1.jpg\" alt=\"IMG_3117-1\" width=\"600\" height=\"400\" srcset=\"http:\/\/www.wolle-landleben-design.de\/wp-content\/uploads\/2016\/03\/IMG_3117-1.jpg 600w, http:\/\/www.wolle-landleben-design.de\/wp-content\/uploads\/2016\/03\/IMG_3117-1-150x100.jpg 150w, http:\/\/www.wolle-landleben-design.de\/wp-content\/uploads\/2016\/03\/IMG_3117-1-300x200.jpg 300w, http:\/\/www.wolle-landleben-design.de\/wp-content\/uploads\/2016\/03\/IMG_3117-1-450x300.jpg 450w\" sizes=\"auto, (max-width: 600px) 100vw, 600px\" \/><img loading=\"lazy\" decoding=\"async\" class=\"aligncenter size-full wp-image-1501\" src=\"http:\/\/www.wolle-landleben-design.de\/wp-content\/uploads\/2016\/03\/IMG_3116-1.jpg\" alt=\"IMG_3116-1\" width=\"600\" height=\"400\" srcset=\"http:\/\/www.wolle-landleben-design.de\/wp-content\/uploads\/2016\/03\/IMG_3116-1.jpg 600w, http:\/\/www.wolle-landleben-design.de\/wp-content\/uploads\/2016\/03\/IMG_3116-1-150x100.jpg 150w, http:\/\/www.wolle-landleben-design.de\/wp-content\/uploads\/2016\/03\/IMG_3116-1-300x200.jpg 300w, http:\/\/www.wolle-landleben-design.de\/wp-content\/uploads\/2016\/03\/IMG_3116-1-450x300.jpg 450w\" sizes=\"auto, (max-width: 600px) 100vw, 600px\" \/>Kleine \u00c4nderungen habe ich vorgenommen:<br \/>\n\u2013 der Au\u00dfenstoff hat aus Stoffmangel eine Mittelnaht<br \/>\n\u2013 die\u00a0eine \u00e4u\u00dfere Innentasche hat\u00a0ein Gummiband, um etwas einzuklemmen<br \/>\n\u2013 die andere ein Stoffband f\u00fcr die Wonder Clips<br \/>\n\u2013 den Rei\u00dfverschluss habe ich so lang gew\u00e4hlt, dass sich die Tasche ganz \u00f6ffnen l\u00e4sst<\/p>\n<p style=\"text-align: center;\">Bei der n\u00e4chsten STB werde ich die Seitenteile nur mit\u00a0d\u00fcnnem Vlies verst\u00e4rken.<\/p>\n","protected":false},"excerpt":{"rendered":"<p>aus\u00a0der aufgetrennten Leinenbluse, deren Stoffrest schon in einem Puppenkleid vern\u00e4ht wurde. Nun fehlt mir noch ein ausgefallener Knopf oder so um die beiden Rei\u00dfverschlussenden zu einem Tragegriff zu verbinden. Kleine \u00c4nderungen habe ich vorgenommen: \u2013 der Au\u00dfenstoff hat aus Stoffmangel &hellip; <a href=\"http:\/\/www.wolle-landleben-design.de\/?p=1499\">Weiterlesen <span class=\"meta-nav\">&rarr;<\/span><\/a><\/p>\n","protected":false},"author":1,"featured_media":0,"comment_status":"closed","ping_status":"open","sticky":false,"template":"","format":"standard","meta":{"footnotes":""},"categories":[5],"tags":[66,65],"class_list":["post-1499","post","type-post","status-publish","format-standard","hentry","category-design","tag-naehen","tag-sew-together-bag"],"_links":{"self":[{"href":"http:\/\/www.wolle-landleben-design.de\/index.php?rest_route=\/wp\/v2\/posts\/1499","targetHints":{"allow":["GET"]}}],"collection":[{"href":"http:\/\/www.wolle-landleben-design.de\/index.php?rest_route=\/wp\/v2\/posts"}],"about":[{"href":"http:\/\/www.wolle-landleben-design.de\/index.php?rest_route=\/wp\/v2\/types\/post"}],"author":[{"embeddable":true,"href":"http:\/\/www.wolle-landleben-design.de\/index.php?rest_route=\/wp\/v2\/users\/1"}],"replies":[{"embeddable":true,"href":"http:\/\/www.wolle-landleben-design.de\/index.php?rest_route=%2Fwp%2Fv2%2Fcomments&post=1499"}],"version-history":[{"count":5,"href":"http:\/\/www.wolle-landleben-design.de\/index.php?rest_route=\/wp\/v2\/posts\/1499\/revisions"}],"predecessor-version":[{"id":1588,"href":"http:\/\/www.wolle-landleben-design.de\/index.php?rest_route=\/wp\/v2\/posts\/1499\/revisions\/1588"}],"wp:attachment":[{"href":"http:\/\/www.wolle-landleben-design.de\/index.php?rest_route=%2Fwp%2Fv2%2Fmedia&parent=1499"}],"wp:term":[{"taxonomy":"category","embeddable":true,"href":"http:\/\/www.wolle-landleben-design.de\/index.php?rest_route=%2Fwp%2Fv2%2Fcategories&post=1499"},{"taxonomy":"post_tag","embeddable":true,"href":"http:\/\/www.wolle-landleben-design.de\/index.php?rest_route=%2Fwp%2Fv2%2Ftags&post=1499"}],"curies":[{"name":"wp","href":"https:\/\/api.w.org\/{rel}","templated":true}]}}