{"id":1545,"date":"2018-02-22T19:46:37","date_gmt":"2018-02-22T17:46:37","guid":{"rendered":"http:\/\/www.wolle-landleben-design.de\/?p=1545"},"modified":"2018-05-16T18:11:38","modified_gmt":"2018-05-16T16:11:38","slug":"taschen-und-taeschchen","status":"publish","type":"post","link":"http:\/\/www.wolle-landleben-design.de\/?p=1545","title":{"rendered":"Taschen und T\u00e4schchen"},"content":{"rendered":"<p style=\"text-align: center;\">Zun\u00e4chst eine gro\u00dfe Tasche f\u00fcr alles, der <em>Catch All Caddy<\/em> nachempfunden.<br \/>\nMeine Tasche ist etwas gr\u00f6\u00dfer und hat innen eine andere Aufteilung.<\/p>\n<p><img loading=\"lazy\" decoding=\"async\" class=\"aligncenter size-full wp-image-1546\" src=\"http:\/\/www.wolle-landleben-design.de\/wp-content\/uploads\/2018\/02\/IMG_3109-1.jpg\" alt=\"IMG_3109-1\" width=\"600\" height=\"400\" srcset=\"http:\/\/www.wolle-landleben-design.de\/wp-content\/uploads\/2018\/02\/IMG_3109-1.jpg 600w, http:\/\/www.wolle-landleben-design.de\/wp-content\/uploads\/2018\/02\/IMG_3109-1-150x100.jpg 150w, http:\/\/www.wolle-landleben-design.de\/wp-content\/uploads\/2018\/02\/IMG_3109-1-300x200.jpg 300w, http:\/\/www.wolle-landleben-design.de\/wp-content\/uploads\/2018\/02\/IMG_3109-1-450x300.jpg 450w\" sizes=\"auto, (max-width: 600px) 100vw, 600px\" \/><\/p>\n<p><img loading=\"lazy\" decoding=\"async\" class=\"aligncenter size-full wp-image-1547\" src=\"http:\/\/www.wolle-landleben-design.de\/wp-content\/uploads\/2018\/02\/IMG_3110-1.jpg\" alt=\"IMG_3110-1\" width=\"600\" height=\"400\" srcset=\"http:\/\/www.wolle-landleben-design.de\/wp-content\/uploads\/2018\/02\/IMG_3110-1.jpg 600w, http:\/\/www.wolle-landleben-design.de\/wp-content\/uploads\/2018\/02\/IMG_3110-1-150x100.jpg 150w, http:\/\/www.wolle-landleben-design.de\/wp-content\/uploads\/2018\/02\/IMG_3110-1-300x200.jpg 300w, http:\/\/www.wolle-landleben-design.de\/wp-content\/uploads\/2018\/02\/IMG_3110-1-450x300.jpg 450w\" sizes=\"auto, (max-width: 600px) 100vw, 600px\" \/> <img loading=\"lazy\" decoding=\"async\" class=\"aligncenter size-full wp-image-1548\" src=\"http:\/\/www.wolle-landleben-design.de\/wp-content\/uploads\/2018\/02\/IMG_3111-1.jpg\" alt=\"IMG_3111-1\" width=\"600\" height=\"400\" srcset=\"http:\/\/www.wolle-landleben-design.de\/wp-content\/uploads\/2018\/02\/IMG_3111-1.jpg 600w, http:\/\/www.wolle-landleben-design.de\/wp-content\/uploads\/2018\/02\/IMG_3111-1-150x100.jpg 150w, http:\/\/www.wolle-landleben-design.de\/wp-content\/uploads\/2018\/02\/IMG_3111-1-300x200.jpg 300w, http:\/\/www.wolle-landleben-design.de\/wp-content\/uploads\/2018\/02\/IMG_3111-1-450x300.jpg 450w\" sizes=\"auto, (max-width: 600px) 100vw, 600px\" \/><\/p>\n<p style=\"text-align: center;\"><img loading=\"lazy\" decoding=\"async\" class=\"aligncenter size-full wp-image-1549\" src=\"http:\/\/www.wolle-landleben-design.de\/wp-content\/uploads\/2018\/02\/IMG_3122-1.jpg\" alt=\"IMG_3122-1\" width=\"600\" height=\"400\" srcset=\"http:\/\/www.wolle-landleben-design.de\/wp-content\/uploads\/2018\/02\/IMG_3122-1.jpg 600w, http:\/\/www.wolle-landleben-design.de\/wp-content\/uploads\/2018\/02\/IMG_3122-1-150x100.jpg 150w, http:\/\/www.wolle-landleben-design.de\/wp-content\/uploads\/2018\/02\/IMG_3122-1-300x200.jpg 300w, http:\/\/www.wolle-landleben-design.de\/wp-content\/uploads\/2018\/02\/IMG_3122-1-450x300.jpg 450w\" sizes=\"auto, (max-width: 600px) 100vw, 600px\" \/>Zun\u00e4chst werden die Au\u00dfenteile und der Boden mit Vlies, Einstecktaschen<br \/>\nund einer Rei\u00dfverschlusstasche versehen.<\/p>\n<p style=\"text-align: center;\"><img loading=\"lazy\" decoding=\"async\" class=\"aligncenter size-full wp-image-1550\" src=\"http:\/\/www.wolle-landleben-design.de\/wp-content\/uploads\/2018\/02\/IMG_3098-1.jpg\" alt=\"IMG_3098-1\" width=\"600\" height=\"400\" srcset=\"http:\/\/www.wolle-landleben-design.de\/wp-content\/uploads\/2018\/02\/IMG_3098-1.jpg 600w, http:\/\/www.wolle-landleben-design.de\/wp-content\/uploads\/2018\/02\/IMG_3098-1-150x100.jpg 150w, http:\/\/www.wolle-landleben-design.de\/wp-content\/uploads\/2018\/02\/IMG_3098-1-300x200.jpg 300w, http:\/\/www.wolle-landleben-design.de\/wp-content\/uploads\/2018\/02\/IMG_3098-1-450x300.jpg 450w\" sizes=\"auto, (max-width: 600px) 100vw, 600px\" \/>Die beiden Innenseiten bekommen unten offene F\u00e4cher.<br \/>\n<img loading=\"lazy\" decoding=\"async\" class=\"aligncenter size-full wp-image-1551\" src=\"http:\/\/www.wolle-landleben-design.de\/wp-content\/uploads\/2018\/02\/IMG_3100-1.jpg\" alt=\"IMG_3100-1\" width=\"600\" height=\"400\" srcset=\"http:\/\/www.wolle-landleben-design.de\/wp-content\/uploads\/2018\/02\/IMG_3100-1.jpg 600w, http:\/\/www.wolle-landleben-design.de\/wp-content\/uploads\/2018\/02\/IMG_3100-1-150x100.jpg 150w, http:\/\/www.wolle-landleben-design.de\/wp-content\/uploads\/2018\/02\/IMG_3100-1-300x200.jpg 300w, http:\/\/www.wolle-landleben-design.de\/wp-content\/uploads\/2018\/02\/IMG_3100-1-450x300.jpg 450w\" sizes=\"auto, (max-width: 600px) 100vw, 600px\" \/>Nun werden je eine Innen- und Au\u00dfenseite links auf links<br \/>\nschmalkantig aufeinander gesteppt.<br \/>\nAnschlie\u00dfend die Seiten so an den Boden n\u00e4hen, dass die Nahtzugabe nach au\u00dfen schaut. Diese wird mit passendem Stoff eingefasst.<br \/>\nDer Stoffstreifen sollte so lang sein, dass man einmal um die ganze Tasche<br \/>\nherum komm plus 5 &#8211; 10 cm mehr f\u00fcr die seitlichen Henkel ( s. Fotos oben ).<\/p>\n<p style=\"text-align: center;\">Und aus den Resten entstanden:<br \/>\n<img loading=\"lazy\" decoding=\"async\" class=\"aligncenter size-full wp-image-1552\" src=\"http:\/\/www.wolle-landleben-design.de\/wp-content\/uploads\/2018\/02\/IMG_3113-1.jpg\" alt=\"IMG_3113-1\" width=\"600\" height=\"400\" srcset=\"http:\/\/www.wolle-landleben-design.de\/wp-content\/uploads\/2018\/02\/IMG_3113-1.jpg 600w, http:\/\/www.wolle-landleben-design.de\/wp-content\/uploads\/2018\/02\/IMG_3113-1-150x100.jpg 150w, http:\/\/www.wolle-landleben-design.de\/wp-content\/uploads\/2018\/02\/IMG_3113-1-300x200.jpg 300w, http:\/\/www.wolle-landleben-design.de\/wp-content\/uploads\/2018\/02\/IMG_3113-1-450x300.jpg 450w\" sizes=\"auto, (max-width: 600px) 100vw, 600px\" \/>zwei Scherentaschen nach dieser <em><strong><a href=\"http:\/\/schoenstebastelzeit.blogspot.de\/2015\/03\/scherenmoehre.html\">Anleitung<\/a>\u00a0<\/strong><\/em>und<\/p>\n<p style=\"text-align: center;\"><img loading=\"lazy\" decoding=\"async\" class=\"aligncenter size-full wp-image-1553\" src=\"http:\/\/www.wolle-landleben-design.de\/wp-content\/uploads\/2018\/02\/IMG_3114-1.jpg\" alt=\"IMG_3114-1\" width=\"600\" height=\"400\" srcset=\"http:\/\/www.wolle-landleben-design.de\/wp-content\/uploads\/2018\/02\/IMG_3114-1.jpg 600w, http:\/\/www.wolle-landleben-design.de\/wp-content\/uploads\/2018\/02\/IMG_3114-1-150x100.jpg 150w, http:\/\/www.wolle-landleben-design.de\/wp-content\/uploads\/2018\/02\/IMG_3114-1-300x200.jpg 300w, http:\/\/www.wolle-landleben-design.de\/wp-content\/uploads\/2018\/02\/IMG_3114-1-450x300.jpg 450w\" sizes=\"auto, (max-width: 600px) 100vw, 600px\" \/>zwei oben weit zu \u00f6ffnende T\u00e4schchen und ein <a href=\"https:\/\/marinasatelier.wordpress.com\/2013\/10\/30\/nadelkissen-furs-handgelenk-als-anleitung\/\"><strong><em>Nadelkissen<\/em><\/strong><\/a>.<\/p>\n","protected":false},"excerpt":{"rendered":"<p>Zun\u00e4chst eine gro\u00dfe Tasche f\u00fcr alles, der Catch All Caddy nachempfunden. Meine Tasche ist etwas gr\u00f6\u00dfer und hat innen eine andere Aufteilung. Zun\u00e4chst werden die Au\u00dfenteile und der Boden mit Vlies, Einstecktaschen und einer Rei\u00dfverschlusstasche versehen. Die beiden Innenseiten bekommen &hellip; <a href=\"http:\/\/www.wolle-landleben-design.de\/?p=1545\">Weiterlesen <span class=\"meta-nav\">&rarr;<\/span><\/a><\/p>\n","protected":false},"author":1,"featured_media":0,"comment_status":"closed","ping_status":"open","sticky":false,"template":"","format":"standard","meta":{"footnotes":""},"categories":[5],"tags":[66,97],"class_list":["post-1545","post","type-post","status-publish","format-standard","hentry","category-design","tag-naehen","tag-taschen"],"_links":{"self":[{"href":"http:\/\/www.wolle-landleben-design.de\/index.php?rest_route=\/wp\/v2\/posts\/1545","targetHints":{"allow":["GET"]}}],"collection":[{"href":"http:\/\/www.wolle-landleben-design.de\/index.php?rest_route=\/wp\/v2\/posts"}],"about":[{"href":"http:\/\/www.wolle-landleben-design.de\/index.php?rest_route=\/wp\/v2\/types\/post"}],"author":[{"embeddable":true,"href":"http:\/\/www.wolle-landleben-design.de\/index.php?rest_route=\/wp\/v2\/users\/1"}],"replies":[{"embeddable":true,"href":"http:\/\/www.wolle-landleben-design.de\/index.php?rest_route=%2Fwp%2Fv2%2Fcomments&post=1545"}],"version-history":[{"count":4,"href":"http:\/\/www.wolle-landleben-design.de\/index.php?rest_route=\/wp\/v2\/posts\/1545\/revisions"}],"predecessor-version":[{"id":1587,"href":"http:\/\/www.wolle-landleben-design.de\/index.php?rest_route=\/wp\/v2\/posts\/1545\/revisions\/1587"}],"wp:attachment":[{"href":"http:\/\/www.wolle-landleben-design.de\/index.php?rest_route=%2Fwp%2Fv2%2Fmedia&parent=1545"}],"wp:term":[{"taxonomy":"category","embeddable":true,"href":"http:\/\/www.wolle-landleben-design.de\/index.php?rest_route=%2Fwp%2Fv2%2Fcategories&post=1545"},{"taxonomy":"post_tag","embeddable":true,"href":"http:\/\/www.wolle-landleben-design.de\/index.php?rest_route=%2Fwp%2Fv2%2Ftags&post=1545"}],"curies":[{"name":"wp","href":"https:\/\/api.w.org\/{rel}","templated":true}]}}