{"id":166,"date":"2012-07-17T20:02:41","date_gmt":"2012-07-17T18:02:41","guid":{"rendered":"http:\/\/Freunde%20aus%20der%20Schweiz%20haben%20mir%20die%20ausgek\u00e4mmten%20Haare%20ihres%20Katers%20geschenkt."},"modified":"2018-02-22T18:37:28","modified_gmt":"2018-02-22T16:37:28","slug":"kater-nemos-haare","status":"publish","type":"post","link":"http:\/\/www.wolle-landleben-design.de\/?p=166","title":{"rendered":"Kater Nemos Haare"},"content":{"rendered":"<p>Freunde aus der Schweiz haben mir die ausgek\u00e4mmten Haare ihres Katers geschenkt.<a href=\"http:\/\/www.wolle-landleben-design.de\/wp-content\/uploads\/2012\/09\/Nemo.jpg\"><img loading=\"lazy\" decoding=\"async\" class=\"aligncenter size-full wp-image-167\" title=\"Nemo\" src=\"http:\/\/www.wolle-landleben-design.de\/wp-content\/uploads\/2012\/09\/Nemo.jpg\" alt=\"\" width=\"450\" height=\"300\" \/><\/a><\/p>\n<p>Eleen hat den Kater schon gut vorgek\u00e4mmt, damit ich nicht so viel Arbeit habe. Die Fasern lie\u00dfen sich zwar auch ohne K\u00e4mmen gut verspinnen, aber mit wird das Garn gleichm\u00e4\u00dfiger.<br \/>\nVor dem K\u00e4mmen<\/p>\n<p><a href=\"http:\/\/www.wolle-landleben-design.de\/wp-content\/uploads\/2012\/09\/IMG_8419-1.jpg\"><img loading=\"lazy\" decoding=\"async\" class=\"aligncenter size-full wp-image-168\" title=\"IMG_8419-1\" src=\"http:\/\/www.wolle-landleben-design.de\/wp-content\/uploads\/2012\/09\/IMG_8419-1.jpg\" alt=\"\" width=\"450\" height=\"300\" \/><\/a>Die einzelnen K\u00e4mmschritte: Fasern auflegen<br \/>\n<img loading=\"lazy\" decoding=\"async\" class=\"aligncenter\" title=\"IMG_8421-1\" src=\"http:\/\/www.wolle-landleben-design.de\/wp-content\/uploads\/2012\/09\/IMG_8421-1.jpg\" alt=\"\" width=\"450\" height=\"300\" \/><a href=\"http:\/\/www.wolle-landleben-design.de\/wp-content\/uploads\/2012\/09\/IMG_8422-1.jpg\"><img loading=\"lazy\" decoding=\"async\" class=\"aligncenter size-full wp-image-170\" title=\"IMG_8422-1\" src=\"http:\/\/www.wolle-landleben-design.de\/wp-content\/uploads\/2012\/09\/IMG_8422-1.jpg\" alt=\"\" width=\"450\" height=\"300\" \/><\/a><\/p>\n<p>Einmal hin und wieder zur\u00fcck k\u00e4mmen, abnehmen und zu R\u00f6llchen formen.<br \/>\n<a href=\"http:\/\/www.wolle-landleben-design.de\/wp-content\/uploads\/2012\/09\/IMG_8430-1.jpg\"><img loading=\"lazy\" decoding=\"async\" class=\"aligncenter size-full wp-image-172\" title=\"IMG_8430-1\" src=\"http:\/\/www.wolle-landleben-design.de\/wp-content\/uploads\/2012\/09\/IMG_8430-1.jpg\" alt=\"\" width=\"450\" height=\"300\" \/><\/a><\/p>\n<p>Zwischendurch den kleinen Berg R\u00f6llchen mal verspinnen und zum Schluss zwirnen, mal mit sich selbst, mit dunklem handgesponnenem Samojeden-einfachgarn und mit hellem.<br \/>\n<a href=\"http:\/\/www.wolle-landleben-design.de\/wp-content\/uploads\/2012\/09\/IMG_8633-1.jpg\"><img loading=\"lazy\" decoding=\"async\" class=\"aligncenter size-full wp-image-173\" title=\"IMG_8633-1\" src=\"http:\/\/www.wolle-landleben-design.de\/wp-content\/uploads\/2012\/09\/IMG_8633-1.jpg\" alt=\"\" width=\"450\" height=\"300\" \/><\/a><\/p>\n<p>Daraus\u00a0w\u00fcnscht sich\u00a0Frauchen ein Paar gestrickte Stulpen\u00a0ohne Daumen &#8230;. bekommt\u00a0Frauchen auch &#8230;. demn\u00e4chst.<\/p>\n","protected":false},"excerpt":{"rendered":"<p>Freunde aus der Schweiz haben mir die ausgek\u00e4mmten Haare ihres Katers geschenkt. Eleen hat den Kater schon gut vorgek\u00e4mmt, damit ich nicht so viel Arbeit habe. Die Fasern lie\u00dfen sich zwar auch ohne K\u00e4mmen gut verspinnen, aber mit wird das &hellip; <a href=\"http:\/\/www.wolle-landleben-design.de\/?p=166\">Weiterlesen <span class=\"meta-nav\">&rarr;<\/span><\/a><\/p>\n","protected":false},"author":1,"featured_media":0,"comment_status":"closed","ping_status":"open","sticky":false,"template":"","format":"standard","meta":{"footnotes":""},"categories":[3],"tags":[93,95,13],"class_list":["post-166","post","type-post","status-publish","format-standard","hentry","category-wolle-und-farben","tag-karden","tag-katzenhaare","tag-spinnen"],"_links":{"self":[{"href":"http:\/\/www.wolle-landleben-design.de\/index.php?rest_route=\/wp\/v2\/posts\/166","targetHints":{"allow":["GET"]}}],"collection":[{"href":"http:\/\/www.wolle-landleben-design.de\/index.php?rest_route=\/wp\/v2\/posts"}],"about":[{"href":"http:\/\/www.wolle-landleben-design.de\/index.php?rest_route=\/wp\/v2\/types\/post"}],"author":[{"embeddable":true,"href":"http:\/\/www.wolle-landleben-design.de\/index.php?rest_route=\/wp\/v2\/users\/1"}],"replies":[{"embeddable":true,"href":"http:\/\/www.wolle-landleben-design.de\/index.php?rest_route=%2Fwp%2Fv2%2Fcomments&post=166"}],"version-history":[{"count":10,"href":"http:\/\/www.wolle-landleben-design.de\/index.php?rest_route=\/wp\/v2\/posts\/166\/revisions"}],"predecessor-version":[{"id":1539,"href":"http:\/\/www.wolle-landleben-design.de\/index.php?rest_route=\/wp\/v2\/posts\/166\/revisions\/1539"}],"wp:attachment":[{"href":"http:\/\/www.wolle-landleben-design.de\/index.php?rest_route=%2Fwp%2Fv2%2Fmedia&parent=166"}],"wp:term":[{"taxonomy":"category","embeddable":true,"href":"http:\/\/www.wolle-landleben-design.de\/index.php?rest_route=%2Fwp%2Fv2%2Fcategories&post=166"},{"taxonomy":"post_tag","embeddable":true,"href":"http:\/\/www.wolle-landleben-design.de\/index.php?rest_route=%2Fwp%2Fv2%2Ftags&post=166"}],"curies":[{"name":"wp","href":"https:\/\/api.w.org\/{rel}","templated":true}]}}