{"id":1724,"date":"2018-10-07T11:58:38","date_gmt":"2018-10-07T09:58:38","guid":{"rendered":"http:\/\/www.wolle-landleben-design.de\/?p=1724"},"modified":"2018-10-10T11:04:08","modified_gmt":"2018-10-10T09:04:08","slug":"rote-mosel-weinbergpfirsiche","status":"publish","type":"post","link":"http:\/\/www.wolle-landleben-design.de\/?p=1724","title":{"rendered":"Rote ( Mosel ) Weinbergpfirsiche &#8230;"},"content":{"rendered":"<p style=\"text-align: center;\">&#8230; aus Kernen in der rauhen Eifel<em><strong><a href=\"http:\/\/www.wolle-landleben-design.de\/?p=1626\"> aufgezogen<\/a><\/strong><\/em>,<br \/>\nliefern sie in diesem Jahr die ersten Fr\u00fcchte.<br \/>\n<img loading=\"lazy\" decoding=\"async\" class=\"aligncenter size-full wp-image-1725\" src=\"http:\/\/www.wolle-landleben-design.de\/wp-content\/uploads\/2018\/10\/IMG_3417-1.jpg\" alt=\"\" width=\"600\" height=\"400\" srcset=\"http:\/\/www.wolle-landleben-design.de\/wp-content\/uploads\/2018\/10\/IMG_3417-1.jpg 600w, http:\/\/www.wolle-landleben-design.de\/wp-content\/uploads\/2018\/10\/IMG_3417-1-150x100.jpg 150w, http:\/\/www.wolle-landleben-design.de\/wp-content\/uploads\/2018\/10\/IMG_3417-1-300x200.jpg 300w, http:\/\/www.wolle-landleben-design.de\/wp-content\/uploads\/2018\/10\/IMG_3417-1-450x300.jpg 450w\" sizes=\"auto, (max-width: 600px) 100vw, 600px\" \/> <img loading=\"lazy\" decoding=\"async\" class=\"aligncenter size-full wp-image-1726\" src=\"http:\/\/www.wolle-landleben-design.de\/wp-content\/uploads\/2018\/10\/IMG_3418-1.jpg\" alt=\"\" width=\"600\" height=\"400\" srcset=\"http:\/\/www.wolle-landleben-design.de\/wp-content\/uploads\/2018\/10\/IMG_3418-1.jpg 600w, http:\/\/www.wolle-landleben-design.de\/wp-content\/uploads\/2018\/10\/IMG_3418-1-150x100.jpg 150w, http:\/\/www.wolle-landleben-design.de\/wp-content\/uploads\/2018\/10\/IMG_3418-1-300x200.jpg 300w, http:\/\/www.wolle-landleben-design.de\/wp-content\/uploads\/2018\/10\/IMG_3418-1-450x300.jpg 450w\" sizes=\"auto, (max-width: 600px) 100vw, 600px\" \/>Der eine Baum tr\u00e4gt dunkle Fr\u00fcchte mit kr\u00e4ftig rotem Fleisch,<br \/>\nder andere helle, dunkel gesprenkelte Fr\u00fcchte mit hellem Fleisch.<br \/>\nBeide sind saftig und sehr schmackhaft.<\/p>\n","protected":false},"excerpt":{"rendered":"<p>&#8230; aus Kernen in der rauhen Eifel aufgezogen, liefern sie in diesem Jahr die ersten Fr\u00fcchte. Der eine Baum tr\u00e4gt dunkle Fr\u00fcchte mit kr\u00e4ftig rotem Fleisch, der andere helle, dunkel gesprenkelte Fr\u00fcchte mit hellem Fleisch. Beide sind saftig und sehr &hellip; <a href=\"http:\/\/www.wolle-landleben-design.de\/?p=1724\">Weiterlesen <span class=\"meta-nav\">&rarr;<\/span><\/a><\/p>\n","protected":false},"author":1,"featured_media":0,"comment_status":"closed","ping_status":"open","sticky":false,"template":"","format":"standard","meta":{"footnotes":""},"categories":[4],"tags":[101],"class_list":["post-1724","post","type-post","status-publish","format-standard","hentry","category-landleben-garten-tiere","tag-pfirsichbaum"],"_links":{"self":[{"href":"http:\/\/www.wolle-landleben-design.de\/index.php?rest_route=\/wp\/v2\/posts\/1724","targetHints":{"allow":["GET"]}}],"collection":[{"href":"http:\/\/www.wolle-landleben-design.de\/index.php?rest_route=\/wp\/v2\/posts"}],"about":[{"href":"http:\/\/www.wolle-landleben-design.de\/index.php?rest_route=\/wp\/v2\/types\/post"}],"author":[{"embeddable":true,"href":"http:\/\/www.wolle-landleben-design.de\/index.php?rest_route=\/wp\/v2\/users\/1"}],"replies":[{"embeddable":true,"href":"http:\/\/www.wolle-landleben-design.de\/index.php?rest_route=%2Fwp%2Fv2%2Fcomments&post=1724"}],"version-history":[{"count":4,"href":"http:\/\/www.wolle-landleben-design.de\/index.php?rest_route=\/wp\/v2\/posts\/1724\/revisions"}],"predecessor-version":[{"id":1738,"href":"http:\/\/www.wolle-landleben-design.de\/index.php?rest_route=\/wp\/v2\/posts\/1724\/revisions\/1738"}],"wp:attachment":[{"href":"http:\/\/www.wolle-landleben-design.de\/index.php?rest_route=%2Fwp%2Fv2%2Fmedia&parent=1724"}],"wp:term":[{"taxonomy":"category","embeddable":true,"href":"http:\/\/www.wolle-landleben-design.de\/index.php?rest_route=%2Fwp%2Fv2%2Fcategories&post=1724"},{"taxonomy":"post_tag","embeddable":true,"href":"http:\/\/www.wolle-landleben-design.de\/index.php?rest_route=%2Fwp%2Fv2%2Ftags&post=1724"}],"curies":[{"name":"wp","href":"https:\/\/api.w.org\/{rel}","templated":true}]}}