{"id":1730,"date":"2018-10-09T19:26:25","date_gmt":"2018-10-09T17:26:25","guid":{"rendered":"http:\/\/www.wolle-landleben-design.de\/?p=1730"},"modified":"2018-10-10T11:06:13","modified_gmt":"2018-10-10T09:06:13","slug":"kullerpfirsich-und-andere-koestlichkeiten","status":"publish","type":"post","link":"http:\/\/www.wolle-landleben-design.de\/?p=1730","title":{"rendered":"Kullerpfirsich und andere K\u00f6stlichkeiten"},"content":{"rendered":"<p style=\"text-align: center;\">&#8230; aus dem Roten Weinbergpfirsich<br \/>\n<img loading=\"lazy\" decoding=\"async\" class=\"size-full wp-image-1732 alignleft\" src=\"http:\/\/www.wolle-landleben-design.de\/wp-content\/uploads\/2018\/10\/20181006_122436-1.jpg\" alt=\"\" width=\"600\" height=\"400\" srcset=\"http:\/\/www.wolle-landleben-design.de\/wp-content\/uploads\/2018\/10\/20181006_122436-1.jpg 600w, http:\/\/www.wolle-landleben-design.de\/wp-content\/uploads\/2018\/10\/20181006_122436-1-150x100.jpg 150w, http:\/\/www.wolle-landleben-design.de\/wp-content\/uploads\/2018\/10\/20181006_122436-1-300x200.jpg 300w, http:\/\/www.wolle-landleben-design.de\/wp-content\/uploads\/2018\/10\/20181006_122436-1-450x300.jpg 450w\" sizes=\"auto, (max-width: 600px) 100vw, 600px\" \/><img loading=\"lazy\" decoding=\"async\" class=\"size-full wp-image-1731 alignleft\" src=\"http:\/\/www.wolle-landleben-design.de\/wp-content\/uploads\/2018\/10\/20181006_122626-1.jpg\" alt=\"\" width=\"600\" height=\"400\" srcset=\"http:\/\/www.wolle-landleben-design.de\/wp-content\/uploads\/2018\/10\/20181006_122626-1.jpg 600w, http:\/\/www.wolle-landleben-design.de\/wp-content\/uploads\/2018\/10\/20181006_122626-1-150x100.jpg 150w, http:\/\/www.wolle-landleben-design.de\/wp-content\/uploads\/2018\/10\/20181006_122626-1-300x200.jpg 300w, http:\/\/www.wolle-landleben-design.de\/wp-content\/uploads\/2018\/10\/20181006_122626-1-450x300.jpg 450w\" sizes=\"auto, (max-width: 600px) 100vw, 600px\" \/><\/p>\n<p><iframe loading=\"lazy\" title=\"Kullerpfirsich\" width=\"584\" height=\"329\" src=\"https:\/\/www.youtube.com\/embed\/DLQ9Ak9pa2M?feature=oembed\" frameborder=\"0\" allow=\"accelerometer; autoplay; clipboard-write; encrypted-media; gyroscope; picture-in-picture; web-share\" referrerpolicy=\"strict-origin-when-cross-origin\" allowfullscreen><\/iframe><\/p>\n<p style=\"text-align: center;\">Ein P\u00fcree aus 500 g Weinbergpfirsichen, dem Saft einer halben Zitrone und einer T\u00fcte gutem Vanillezucker l\u00e4sst sich sehr gut einfrieren und als Dessertsauce, f\u00fcr Kuchen, als Fruchtaufstrich &#8230;. verwenden &#8230; schmeckt aber auch pur :-)<br \/>\n<img loading=\"lazy\" decoding=\"async\" class=\"aligncenter size-full wp-image-1735\" src=\"http:\/\/www.wolle-landleben-design.de\/wp-content\/uploads\/2018\/10\/IMG_3438-1.jpg\" alt=\"\" width=\"600\" height=\"400\" srcset=\"http:\/\/www.wolle-landleben-design.de\/wp-content\/uploads\/2018\/10\/IMG_3438-1.jpg 600w, http:\/\/www.wolle-landleben-design.de\/wp-content\/uploads\/2018\/10\/IMG_3438-1-150x100.jpg 150w, http:\/\/www.wolle-landleben-design.de\/wp-content\/uploads\/2018\/10\/IMG_3438-1-300x200.jpg 300w, http:\/\/www.wolle-landleben-design.de\/wp-content\/uploads\/2018\/10\/IMG_3438-1-450x300.jpg 450w\" sizes=\"auto, (max-width: 600px) 100vw, 600px\" \/><\/p>\n","protected":false},"excerpt":{"rendered":"<p>&#8230; aus dem Roten Weinbergpfirsich Ein P\u00fcree aus 500 g Weinbergpfirsichen, dem Saft einer halben Zitrone und einer T\u00fcte gutem Vanillezucker l\u00e4sst sich sehr gut einfrieren und als Dessertsauce, f\u00fcr Kuchen, als Fruchtaufstrich &#8230;. verwenden &#8230; schmeckt aber auch pur &hellip; <a href=\"http:\/\/www.wolle-landleben-design.de\/?p=1730\">Weiterlesen <span class=\"meta-nav\">&rarr;<\/span><\/a><\/p>\n","protected":false},"author":1,"featured_media":0,"comment_status":"closed","ping_status":"open","sticky":false,"template":"","format":"standard","meta":{"footnotes":""},"categories":[4],"tags":[110,101,100],"class_list":["post-1730","post","type-post","status-publish","format-standard","hentry","category-landleben-garten-tiere","tag-kullerpfirsich","tag-pfirsichbaum","tag-pfirsichbluete"],"_links":{"self":[{"href":"http:\/\/www.wolle-landleben-design.de\/index.php?rest_route=\/wp\/v2\/posts\/1730","targetHints":{"allow":["GET"]}}],"collection":[{"href":"http:\/\/www.wolle-landleben-design.de\/index.php?rest_route=\/wp\/v2\/posts"}],"about":[{"href":"http:\/\/www.wolle-landleben-design.de\/index.php?rest_route=\/wp\/v2\/types\/post"}],"author":[{"embeddable":true,"href":"http:\/\/www.wolle-landleben-design.de\/index.php?rest_route=\/wp\/v2\/users\/1"}],"replies":[{"embeddable":true,"href":"http:\/\/www.wolle-landleben-design.de\/index.php?rest_route=%2Fwp%2Fv2%2Fcomments&post=1730"}],"version-history":[{"count":4,"href":"http:\/\/www.wolle-landleben-design.de\/index.php?rest_route=\/wp\/v2\/posts\/1730\/revisions"}],"predecessor-version":[{"id":1740,"href":"http:\/\/www.wolle-landleben-design.de\/index.php?rest_route=\/wp\/v2\/posts\/1730\/revisions\/1740"}],"wp:attachment":[{"href":"http:\/\/www.wolle-landleben-design.de\/index.php?rest_route=%2Fwp%2Fv2%2Fmedia&parent=1730"}],"wp:term":[{"taxonomy":"category","embeddable":true,"href":"http:\/\/www.wolle-landleben-design.de\/index.php?rest_route=%2Fwp%2Fv2%2Fcategories&post=1730"},{"taxonomy":"post_tag","embeddable":true,"href":"http:\/\/www.wolle-landleben-design.de\/index.php?rest_route=%2Fwp%2Fv2%2Ftags&post=1730"}],"curies":[{"name":"wp","href":"https:\/\/api.w.org\/{rel}","templated":true}]}}