{"id":1755,"date":"2018-11-15T18:39:22","date_gmt":"2018-11-15T16:39:22","guid":{"rendered":"http:\/\/www.wolle-landleben-design.de\/?p=1755"},"modified":"2018-11-15T18:39:22","modified_gmt":"2018-11-15T16:39:22","slug":"1755","status":"publish","type":"post","link":"http:\/\/www.wolle-landleben-design.de\/?p=1755","title":{"rendered":"???"},"content":{"rendered":"<p style=\"text-align: center;\">Das Resultat eines au\u00dfergew\u00f6hnlichen Sommers:<br \/>\n<img loading=\"lazy\" decoding=\"async\" class=\"aligncenter size-full wp-image-1756\" src=\"http:\/\/www.wolle-landleben-design.de\/wp-content\/uploads\/2018\/11\/IMG_0029-1.jpg\" alt=\"\" width=\"600\" height=\"400\" srcset=\"http:\/\/www.wolle-landleben-design.de\/wp-content\/uploads\/2018\/11\/IMG_0029-1.jpg 600w, http:\/\/www.wolle-landleben-design.de\/wp-content\/uploads\/2018\/11\/IMG_0029-1-150x100.jpg 150w, http:\/\/www.wolle-landleben-design.de\/wp-content\/uploads\/2018\/11\/IMG_0029-1-300x200.jpg 300w, http:\/\/www.wolle-landleben-design.de\/wp-content\/uploads\/2018\/11\/IMG_0029-1-450x300.jpg 450w\" sizes=\"auto, (max-width: 600px) 100vw, 600px\" \/><img loading=\"lazy\" decoding=\"async\" class=\"aligncenter size-full wp-image-1757\" src=\"http:\/\/www.wolle-landleben-design.de\/wp-content\/uploads\/2018\/11\/IMG_0037-1.jpg\" alt=\"\" width=\"600\" height=\"400\" srcset=\"http:\/\/www.wolle-landleben-design.de\/wp-content\/uploads\/2018\/11\/IMG_0037-1.jpg 600w, http:\/\/www.wolle-landleben-design.de\/wp-content\/uploads\/2018\/11\/IMG_0037-1-150x100.jpg 150w, http:\/\/www.wolle-landleben-design.de\/wp-content\/uploads\/2018\/11\/IMG_0037-1-300x200.jpg 300w, http:\/\/www.wolle-landleben-design.de\/wp-content\/uploads\/2018\/11\/IMG_0037-1-450x300.jpg 450w\" sizes=\"auto, (max-width: 600px) 100vw, 600px\" \/> <img loading=\"lazy\" decoding=\"async\" class=\"aligncenter size-full wp-image-1758\" src=\"http:\/\/www.wolle-landleben-design.de\/wp-content\/uploads\/2018\/11\/IMG_0038-1.jpg\" alt=\"\" width=\"600\" height=\"400\" srcset=\"http:\/\/www.wolle-landleben-design.de\/wp-content\/uploads\/2018\/11\/IMG_0038-1.jpg 600w, http:\/\/www.wolle-landleben-design.de\/wp-content\/uploads\/2018\/11\/IMG_0038-1-150x100.jpg 150w, http:\/\/www.wolle-landleben-design.de\/wp-content\/uploads\/2018\/11\/IMG_0038-1-300x200.jpg 300w, http:\/\/www.wolle-landleben-design.de\/wp-content\/uploads\/2018\/11\/IMG_0038-1-450x300.jpg 450w\" sizes=\"auto, (max-width: 600px) 100vw, 600px\" \/>Am Montag geschl\u00fcpft, heute unter Aufsicht die Wiese unsicher gemacht<br \/>\nund ab Montag, wenn schlagartig der Winter ausbricht ?<\/p>\n<p style=\"text-align: center;\">Seeehr unpraktisch &#8230;.<\/p>\n","protected":false},"excerpt":{"rendered":"<p>Das Resultat eines au\u00dfergew\u00f6hnlichen Sommers: Am Montag geschl\u00fcpft, heute unter Aufsicht die Wiese unsicher gemacht und ab Montag, wenn schlagartig der Winter ausbricht ? Seeehr unpraktisch &#8230;.<\/p>\n","protected":false},"author":1,"featured_media":0,"comment_status":"closed","ping_status":"open","sticky":false,"template":"","format":"standard","meta":{"footnotes":""},"categories":[4],"tags":[111],"class_list":["post-1755","post","type-post","status-publish","format-standard","hentry","category-landleben-garten-tiere","tag-gaense"],"_links":{"self":[{"href":"http:\/\/www.wolle-landleben-design.de\/index.php?rest_route=\/wp\/v2\/posts\/1755","targetHints":{"allow":["GET"]}}],"collection":[{"href":"http:\/\/www.wolle-landleben-design.de\/index.php?rest_route=\/wp\/v2\/posts"}],"about":[{"href":"http:\/\/www.wolle-landleben-design.de\/index.php?rest_route=\/wp\/v2\/types\/post"}],"author":[{"embeddable":true,"href":"http:\/\/www.wolle-landleben-design.de\/index.php?rest_route=\/wp\/v2\/users\/1"}],"replies":[{"embeddable":true,"href":"http:\/\/www.wolle-landleben-design.de\/index.php?rest_route=%2Fwp%2Fv2%2Fcomments&post=1755"}],"version-history":[{"count":1,"href":"http:\/\/www.wolle-landleben-design.de\/index.php?rest_route=\/wp\/v2\/posts\/1755\/revisions"}],"predecessor-version":[{"id":1759,"href":"http:\/\/www.wolle-landleben-design.de\/index.php?rest_route=\/wp\/v2\/posts\/1755\/revisions\/1759"}],"wp:attachment":[{"href":"http:\/\/www.wolle-landleben-design.de\/index.php?rest_route=%2Fwp%2Fv2%2Fmedia&parent=1755"}],"wp:term":[{"taxonomy":"category","embeddable":true,"href":"http:\/\/www.wolle-landleben-design.de\/index.php?rest_route=%2Fwp%2Fv2%2Fcategories&post=1755"},{"taxonomy":"post_tag","embeddable":true,"href":"http:\/\/www.wolle-landleben-design.de\/index.php?rest_route=%2Fwp%2Fv2%2Ftags&post=1755"}],"curies":[{"name":"wp","href":"https:\/\/api.w.org\/{rel}","templated":true}]}}