{"id":1771,"date":"2018-12-28T19:37:05","date_gmt":"2018-12-28T17:37:05","guid":{"rendered":"http:\/\/www.wolle-landleben-design.de\/?p=1771"},"modified":"2018-12-28T19:37:05","modified_gmt":"2018-12-28T17:37:05","slug":"zauberwuerfel","status":"publish","type":"post","link":"http:\/\/www.wolle-landleben-design.de\/?p=1771","title":{"rendered":"Zauberw\u00fcrfel"},"content":{"rendered":"<p style=\"text-align: center;\">f\u00fcr das erste Enkelkind<br \/>\n<img loading=\"lazy\" decoding=\"async\" class=\"aligncenter size-full wp-image-1772\" src=\"http:\/\/www.wolle-landleben-design.de\/wp-content\/uploads\/2018\/12\/W\u00fcrfel.jpg\" alt=\"\" width=\"600\" height=\"600\" srcset=\"http:\/\/www.wolle-landleben-design.de\/wp-content\/uploads\/2018\/12\/W\u00fcrfel.jpg 600w, http:\/\/www.wolle-landleben-design.de\/wp-content\/uploads\/2018\/12\/W\u00fcrfel-150x150.jpg 150w, http:\/\/www.wolle-landleben-design.de\/wp-content\/uploads\/2018\/12\/W\u00fcrfel-300x300.jpg 300w\" sizes=\"auto, (max-width: 600px) 100vw, 600px\" \/><img loading=\"lazy\" decoding=\"async\" class=\"aligncenter size-full wp-image-1773\" src=\"http:\/\/www.wolle-landleben-design.de\/wp-content\/uploads\/2018\/12\/IMG_0025-1.jpg\" alt=\"\" width=\"600\" height=\"150\" srcset=\"http:\/\/www.wolle-landleben-design.de\/wp-content\/uploads\/2018\/12\/IMG_0025-1.jpg 600w, http:\/\/www.wolle-landleben-design.de\/wp-content\/uploads\/2018\/12\/IMG_0025-1-150x38.jpg 150w, http:\/\/www.wolle-landleben-design.de\/wp-content\/uploads\/2018\/12\/IMG_0025-1-300x75.jpg 300w, http:\/\/www.wolle-landleben-design.de\/wp-content\/uploads\/2018\/12\/IMG_0025-1-500x125.jpg 500w\" sizes=\"auto, (max-width: 600px) 100vw, 600px\" \/><img loading=\"lazy\" decoding=\"async\" class=\"aligncenter size-full wp-image-1774\" src=\"http:\/\/www.wolle-landleben-design.de\/wp-content\/uploads\/2018\/12\/IMG_0018-1.jpg\" alt=\"\" width=\"600\" height=\"280\" srcset=\"http:\/\/www.wolle-landleben-design.de\/wp-content\/uploads\/2018\/12\/IMG_0018-1.jpg 600w, http:\/\/www.wolle-landleben-design.de\/wp-content\/uploads\/2018\/12\/IMG_0018-1-150x70.jpg 150w, http:\/\/www.wolle-landleben-design.de\/wp-content\/uploads\/2018\/12\/IMG_0018-1-300x140.jpg 300w, http:\/\/www.wolle-landleben-design.de\/wp-content\/uploads\/2018\/12\/IMG_0018-1-500x233.jpg 500w\" sizes=\"auto, (max-width: 600px) 100vw, 600px\" \/> <img loading=\"lazy\" decoding=\"async\" class=\"aligncenter size-full wp-image-1775\" src=\"http:\/\/www.wolle-landleben-design.de\/wp-content\/uploads\/2018\/12\/IMG_0019-1.jpg\" alt=\"\" width=\"600\" height=\"280\" srcset=\"http:\/\/www.wolle-landleben-design.de\/wp-content\/uploads\/2018\/12\/IMG_0019-1.jpg 600w, http:\/\/www.wolle-landleben-design.de\/wp-content\/uploads\/2018\/12\/IMG_0019-1-150x70.jpg 150w, http:\/\/www.wolle-landleben-design.de\/wp-content\/uploads\/2018\/12\/IMG_0019-1-300x140.jpg 300w, http:\/\/www.wolle-landleben-design.de\/wp-content\/uploads\/2018\/12\/IMG_0019-1-500x233.jpg 500w\" sizes=\"auto, (max-width: 600px) 100vw, 600px\" \/> <img loading=\"lazy\" decoding=\"async\" class=\"aligncenter size-full wp-image-1776\" src=\"http:\/\/www.wolle-landleben-design.de\/wp-content\/uploads\/2018\/12\/IMG_0022-1.jpg\" alt=\"\" width=\"600\" height=\"280\" srcset=\"http:\/\/www.wolle-landleben-design.de\/wp-content\/uploads\/2018\/12\/IMG_0022-1.jpg 600w, http:\/\/www.wolle-landleben-design.de\/wp-content\/uploads\/2018\/12\/IMG_0022-1-150x70.jpg 150w, http:\/\/www.wolle-landleben-design.de\/wp-content\/uploads\/2018\/12\/IMG_0022-1-300x140.jpg 300w, http:\/\/www.wolle-landleben-design.de\/wp-content\/uploads\/2018\/12\/IMG_0022-1-500x233.jpg 500w\" sizes=\"auto, (max-width: 600px) 100vw, 600px\" \/> <img loading=\"lazy\" decoding=\"async\" class=\"aligncenter size-full wp-image-1777\" src=\"http:\/\/www.wolle-landleben-design.de\/wp-content\/uploads\/2018\/12\/IMG_0023-1.jpg\" alt=\"\" width=\"600\" height=\"280\" srcset=\"http:\/\/www.wolle-landleben-design.de\/wp-content\/uploads\/2018\/12\/IMG_0023-1.jpg 600w, http:\/\/www.wolle-landleben-design.de\/wp-content\/uploads\/2018\/12\/IMG_0023-1-150x70.jpg 150w, http:\/\/www.wolle-landleben-design.de\/wp-content\/uploads\/2018\/12\/IMG_0023-1-300x140.jpg 300w, http:\/\/www.wolle-landleben-design.de\/wp-content\/uploads\/2018\/12\/IMG_0023-1-500x233.jpg 500w\" sizes=\"auto, (max-width: 600px) 100vw, 600px\" \/>aus 10 cm x 10 cm gro\u00dfen Schaumstoffw\u00fcrfeln<\/p>\n","protected":false},"excerpt":{"rendered":"<p>f\u00fcr das erste Enkelkind aus 10 cm x 10 cm gro\u00dfen Schaumstoffw\u00fcrfeln<\/p>\n","protected":false},"author":1,"featured_media":0,"comment_status":"closed","ping_status":"open","sticky":false,"template":"","format":"standard","meta":{"footnotes":""},"categories":[5],"tags":[66],"class_list":["post-1771","post","type-post","status-publish","format-standard","hentry","category-design","tag-naehen"],"_links":{"self":[{"href":"http:\/\/www.wolle-landleben-design.de\/index.php?rest_route=\/wp\/v2\/posts\/1771","targetHints":{"allow":["GET"]}}],"collection":[{"href":"http:\/\/www.wolle-landleben-design.de\/index.php?rest_route=\/wp\/v2\/posts"}],"about":[{"href":"http:\/\/www.wolle-landleben-design.de\/index.php?rest_route=\/wp\/v2\/types\/post"}],"author":[{"embeddable":true,"href":"http:\/\/www.wolle-landleben-design.de\/index.php?rest_route=\/wp\/v2\/users\/1"}],"replies":[{"embeddable":true,"href":"http:\/\/www.wolle-landleben-design.de\/index.php?rest_route=%2Fwp%2Fv2%2Fcomments&post=1771"}],"version-history":[{"count":1,"href":"http:\/\/www.wolle-landleben-design.de\/index.php?rest_route=\/wp\/v2\/posts\/1771\/revisions"}],"predecessor-version":[{"id":1778,"href":"http:\/\/www.wolle-landleben-design.de\/index.php?rest_route=\/wp\/v2\/posts\/1771\/revisions\/1778"}],"wp:attachment":[{"href":"http:\/\/www.wolle-landleben-design.de\/index.php?rest_route=%2Fwp%2Fv2%2Fmedia&parent=1771"}],"wp:term":[{"taxonomy":"category","embeddable":true,"href":"http:\/\/www.wolle-landleben-design.de\/index.php?rest_route=%2Fwp%2Fv2%2Fcategories&post=1771"},{"taxonomy":"post_tag","embeddable":true,"href":"http:\/\/www.wolle-landleben-design.de\/index.php?rest_route=%2Fwp%2Fv2%2Ftags&post=1771"}],"curies":[{"name":"wp","href":"https:\/\/api.w.org\/{rel}","templated":true}]}}