{"id":1793,"date":"2019-02-19T12:05:45","date_gmt":"2019-02-19T10:05:45","guid":{"rendered":"http:\/\/www.wolle-landleben-design.de\/?p=1793"},"modified":"2019-02-19T12:05:45","modified_gmt":"2019-02-19T10:05:45","slug":"1793","status":"publish","type":"post","link":"http:\/\/www.wolle-landleben-design.de\/?p=1793","title":{"rendered":""},"content":{"rendered":"<p style=\"text-align: center;\"><img loading=\"lazy\" decoding=\"async\" class=\"aligncenter size-full wp-image-1794\" src=\"http:\/\/www.wolle-landleben-design.de\/wp-content\/uploads\/2019\/02\/IMG_0145-1.jpg\" alt=\"\" width=\"600\" height=\"400\" srcset=\"http:\/\/www.wolle-landleben-design.de\/wp-content\/uploads\/2019\/02\/IMG_0145-1.jpg 600w, http:\/\/www.wolle-landleben-design.de\/wp-content\/uploads\/2019\/02\/IMG_0145-1-150x100.jpg 150w, http:\/\/www.wolle-landleben-design.de\/wp-content\/uploads\/2019\/02\/IMG_0145-1-300x200.jpg 300w, http:\/\/www.wolle-landleben-design.de\/wp-content\/uploads\/2019\/02\/IMG_0145-1-450x300.jpg 450w\" sizes=\"auto, (max-width: 600px) 100vw, 600px\" \/>Die Reste der mit Pflanzen gef\u00e4rbten, handgesponnenen Milchschafwolle<br \/>\nwurden zu einem 12 mal 140 cm Wandbehang verwebt.<br \/>\n<img loading=\"lazy\" decoding=\"async\" class=\"aligncenter size-full wp-image-1795\" src=\"http:\/\/www.wolle-landleben-design.de\/wp-content\/uploads\/2019\/02\/IMG_0152-11.jpg\" alt=\"\" width=\"600\" height=\"200\" srcset=\"http:\/\/www.wolle-landleben-design.de\/wp-content\/uploads\/2019\/02\/IMG_0152-11.jpg 600w, http:\/\/www.wolle-landleben-design.de\/wp-content\/uploads\/2019\/02\/IMG_0152-11-150x50.jpg 150w, http:\/\/www.wolle-landleben-design.de\/wp-content\/uploads\/2019\/02\/IMG_0152-11-300x100.jpg 300w, http:\/\/www.wolle-landleben-design.de\/wp-content\/uploads\/2019\/02\/IMG_0152-11-500x167.jpg 500w\" sizes=\"auto, (max-width: 600px) 100vw, 600px\" \/><img loading=\"lazy\" decoding=\"async\" class=\"aligncenter size-full wp-image-1796\" src=\"http:\/\/www.wolle-landleben-design.de\/wp-content\/uploads\/2019\/02\/Karobehang.jpg\" alt=\"\" width=\"600\" height=\"600\" srcset=\"http:\/\/www.wolle-landleben-design.de\/wp-content\/uploads\/2019\/02\/Karobehang.jpg 600w, http:\/\/www.wolle-landleben-design.de\/wp-content\/uploads\/2019\/02\/Karobehang-150x150.jpg 150w, http:\/\/www.wolle-landleben-design.de\/wp-content\/uploads\/2019\/02\/Karobehang-300x300.jpg 300w\" sizes=\"auto, (max-width: 600px) 100vw, 600px\" \/>Dieser ziert demn\u00e4chst den Verbindungsbalken zwischen<br \/>\nStandfenster und Schiebet\u00fcr zur Terrasse.<\/p>\n","protected":false},"excerpt":{"rendered":"<p>Die Reste der mit Pflanzen gef\u00e4rbten, handgesponnenen Milchschafwolle wurden zu einem 12 mal 140 cm Wandbehang verwebt. Dieser ziert demn\u00e4chst den Verbindungsbalken zwischen Standfenster und Schiebet\u00fcr zur Terrasse.<\/p>\n","protected":false},"author":1,"featured_media":0,"comment_status":"closed","ping_status":"open","sticky":false,"template":"","format":"standard","meta":{"footnotes":""},"categories":[5,3],"tags":[89,67],"class_list":["post-1793","post","type-post","status-publish","format-standard","hentry","category-design","category-wolle-und-farben","tag-pflanzenfarben","tag-weben"],"_links":{"self":[{"href":"http:\/\/www.wolle-landleben-design.de\/index.php?rest_route=\/wp\/v2\/posts\/1793","targetHints":{"allow":["GET"]}}],"collection":[{"href":"http:\/\/www.wolle-landleben-design.de\/index.php?rest_route=\/wp\/v2\/posts"}],"about":[{"href":"http:\/\/www.wolle-landleben-design.de\/index.php?rest_route=\/wp\/v2\/types\/post"}],"author":[{"embeddable":true,"href":"http:\/\/www.wolle-landleben-design.de\/index.php?rest_route=\/wp\/v2\/users\/1"}],"replies":[{"embeddable":true,"href":"http:\/\/www.wolle-landleben-design.de\/index.php?rest_route=%2Fwp%2Fv2%2Fcomments&post=1793"}],"version-history":[{"count":1,"href":"http:\/\/www.wolle-landleben-design.de\/index.php?rest_route=\/wp\/v2\/posts\/1793\/revisions"}],"predecessor-version":[{"id":1797,"href":"http:\/\/www.wolle-landleben-design.de\/index.php?rest_route=\/wp\/v2\/posts\/1793\/revisions\/1797"}],"wp:attachment":[{"href":"http:\/\/www.wolle-landleben-design.de\/index.php?rest_route=%2Fwp%2Fv2%2Fmedia&parent=1793"}],"wp:term":[{"taxonomy":"category","embeddable":true,"href":"http:\/\/www.wolle-landleben-design.de\/index.php?rest_route=%2Fwp%2Fv2%2Fcategories&post=1793"},{"taxonomy":"post_tag","embeddable":true,"href":"http:\/\/www.wolle-landleben-design.de\/index.php?rest_route=%2Fwp%2Fv2%2Ftags&post=1793"}],"curies":[{"name":"wp","href":"https:\/\/api.w.org\/{rel}","templated":true}]}}