{"id":187,"date":"2012-08-31T20:06:22","date_gmt":"2012-08-31T18:06:22","guid":{"rendered":"http:\/\/Ein%20gro\u00dfer%20M\u00fcllsack%20mit%20ausgek\u00e4mmten%20Samojedenhaaren%20hat%20den%20Weg%20zu%20mir%20gefunden."},"modified":"2018-02-22T18:36:35","modified_gmt":"2018-02-22T16:36:35","slug":"samojedenfasern","status":"publish","type":"post","link":"http:\/\/www.wolle-landleben-design.de\/?p=187","title":{"rendered":"Samojedenfasern"},"content":{"rendered":"<p style=\"text-align: center;\">Ein gro\u00dfer M\u00fcllsack mit ausgek\u00e4mmten Samojedenhaaren hat den Weg zu mir gefunden.<br \/>\n<img loading=\"lazy\" decoding=\"async\" class=\"aligncenter\" title=\"IMG_8548-1\" src=\"http:\/\/www.wolle-landleben-design.de\/wp-content\/uploads\/2012\/09\/IMG_8548-1.jpg\" alt=\"\" width=\"450\" height=\"300\" \/>Die Farbschattierungen reichen von reinwei\u00df \u00fcber hellbeige bis rosabeige.<\/p>\n<p style=\"text-align: center;\"><img loading=\"lazy\" decoding=\"async\" class=\"aligncenter\" title=\"IMG_8549-1\" src=\"http:\/\/www.wolle-landleben-design.de\/wp-content\/uploads\/2012\/09\/IMG_8549-1.jpg\" alt=\"\" width=\"450\" height=\"300\" \/>Gezwirnt mit Einfachgarn vom Milchschaf in Naturfarben<\/p>\n<p style=\"text-align: center;\"><img loading=\"lazy\" decoding=\"async\" class=\"aligncenter\" title=\"IMG_8557-1\" src=\"http:\/\/www.wolle-landleben-design.de\/wp-content\/uploads\/2012\/09\/IMG_8557-1.jpg\" alt=\"\" width=\"450\" height=\"300\" \/>und verschiedenen Rindenf\u00e4rbungen.<\/p>\n<p style=\"text-align: center;\"><a href=\"http:\/\/www.wolle-landleben-design.de\/wp-content\/uploads\/2012\/09\/IMG_8606-1.jpg\"><img loading=\"lazy\" decoding=\"async\" class=\"aligncenter size-full wp-image-191\" title=\"IMG_8606-1\" src=\"http:\/\/www.wolle-landleben-design.de\/wp-content\/uploads\/2012\/09\/IMG_8606-1.jpg\" alt=\"\" width=\"450\" height=\"301\" \/><\/a>Weitere Kombiationen sind Samojede\/Samojede,<br \/>\nSamojede\/BFL\/Seide und Kater Nemo (s.u.).<\/p>\n","protected":false},"excerpt":{"rendered":"<p>Ein gro\u00dfer M\u00fcllsack mit ausgek\u00e4mmten Samojedenhaaren hat den Weg zu mir gefunden. Die Farbschattierungen reichen von reinwei\u00df \u00fcber hellbeige bis rosabeige. Gezwirnt mit Einfachgarn vom Milchschaf in Naturfarben und verschiedenen Rindenf\u00e4rbungen. Weitere Kombiationen sind Samojede\/Samojede, Samojede\/BFL\/Seide und Kater Nemo (s.u.).<\/p>\n","protected":false},"author":1,"featured_media":0,"comment_status":"closed","ping_status":"open","sticky":false,"template":"","format":"standard","meta":{"footnotes":""},"categories":[3],"tags":[19,18,13],"class_list":["post-187","post","type-post","status-publish","format-standard","hentry","category-wolle-und-farben","tag-rindenfarbung","tag-samojede","tag-spinnen"],"_links":{"self":[{"href":"http:\/\/www.wolle-landleben-design.de\/index.php?rest_route=\/wp\/v2\/posts\/187","targetHints":{"allow":["GET"]}}],"collection":[{"href":"http:\/\/www.wolle-landleben-design.de\/index.php?rest_route=\/wp\/v2\/posts"}],"about":[{"href":"http:\/\/www.wolle-landleben-design.de\/index.php?rest_route=\/wp\/v2\/types\/post"}],"author":[{"embeddable":true,"href":"http:\/\/www.wolle-landleben-design.de\/index.php?rest_route=\/wp\/v2\/users\/1"}],"replies":[{"embeddable":true,"href":"http:\/\/www.wolle-landleben-design.de\/index.php?rest_route=%2Fwp%2Fv2%2Fcomments&post=187"}],"version-history":[{"count":6,"href":"http:\/\/www.wolle-landleben-design.de\/index.php?rest_route=\/wp\/v2\/posts\/187\/revisions"}],"predecessor-version":[{"id":1538,"href":"http:\/\/www.wolle-landleben-design.de\/index.php?rest_route=\/wp\/v2\/posts\/187\/revisions\/1538"}],"wp:attachment":[{"href":"http:\/\/www.wolle-landleben-design.de\/index.php?rest_route=%2Fwp%2Fv2%2Fmedia&parent=187"}],"wp:term":[{"taxonomy":"category","embeddable":true,"href":"http:\/\/www.wolle-landleben-design.de\/index.php?rest_route=%2Fwp%2Fv2%2Fcategories&post=187"},{"taxonomy":"post_tag","embeddable":true,"href":"http:\/\/www.wolle-landleben-design.de\/index.php?rest_route=%2Fwp%2Fv2%2Ftags&post=187"}],"curies":[{"name":"wp","href":"https:\/\/api.w.org\/{rel}","templated":true}]}}