{"id":1973,"date":"2020-09-20T18:06:00","date_gmt":"2020-09-20T16:06:00","guid":{"rendered":"http:\/\/www.wolle-landleben-design.de\/?p=1973"},"modified":"2020-09-20T18:26:12","modified_gmt":"2020-09-20T16:26:12","slug":"mango-blueht","status":"publish","type":"post","link":"http:\/\/www.wolle-landleben-design.de\/?p=1973","title":{"rendered":"Mango bl\u00fcht &#8230; und tr\u00e4gt Fr\u00fcchte"},"content":{"rendered":"\n<figure class=\"wp-block-image size-large\"><img loading=\"lazy\" decoding=\"async\" width=\"600\" height=\"400\" src=\"http:\/\/www.wolle-landleben-design.de\/wp-content\/uploads\/2020\/09\/IMG_0800-1.jpg\" alt=\"\" class=\"wp-image-1990\" srcset=\"http:\/\/www.wolle-landleben-design.de\/wp-content\/uploads\/2020\/09\/IMG_0800-1.jpg 600w, http:\/\/www.wolle-landleben-design.de\/wp-content\/uploads\/2020\/09\/IMG_0800-1-300x200.jpg 300w, http:\/\/www.wolle-landleben-design.de\/wp-content\/uploads\/2020\/09\/IMG_0800-1-150x100.jpg 150w, http:\/\/www.wolle-landleben-design.de\/wp-content\/uploads\/2020\/09\/IMG_0800-1-450x300.jpg 450w\" sizes=\"auto, (max-width: 600px) 100vw, 600px\" \/><figcaption>ca. 9 cm lang<\/figcaption><\/figure>\n\n\n\n<p>ver\u00f6ffentlicht am 19.Mai 2020<\/p>\n\n\n\n<div class=\"wp-block-image\"><figure class=\"aligncenter size-large\"><img loading=\"lazy\" decoding=\"async\" width=\"400\" height=\"600\" src=\"http:\/\/www.wolle-landleben-design.de\/wp-content\/uploads\/2020\/05\/IMG_0703-1.jpg\" alt=\"\" class=\"wp-image-1984\" srcset=\"http:\/\/www.wolle-landleben-design.de\/wp-content\/uploads\/2020\/05\/IMG_0703-1.jpg 400w, http:\/\/www.wolle-landleben-design.de\/wp-content\/uploads\/2020\/05\/IMG_0703-1-200x300.jpg 200w, http:\/\/www.wolle-landleben-design.de\/wp-content\/uploads\/2020\/05\/IMG_0703-1-100x150.jpg 100w\" sizes=\"auto, (max-width: 400px) 100vw, 400px\" \/><\/figure><\/div>\n\n\n\n<figure class=\"wp-block-image size-large\"><img loading=\"lazy\" decoding=\"async\" width=\"600\" height=\"400\" src=\"http:\/\/www.wolle-landleben-design.de\/wp-content\/uploads\/2020\/05\/IMG_0700-1.jpg\" alt=\"\" class=\"wp-image-1985\" srcset=\"http:\/\/www.wolle-landleben-design.de\/wp-content\/uploads\/2020\/05\/IMG_0700-1.jpg 600w, http:\/\/www.wolle-landleben-design.de\/wp-content\/uploads\/2020\/05\/IMG_0700-1-300x200.jpg 300w, http:\/\/www.wolle-landleben-design.de\/wp-content\/uploads\/2020\/05\/IMG_0700-1-150x100.jpg 150w, http:\/\/www.wolle-landleben-design.de\/wp-content\/uploads\/2020\/05\/IMG_0700-1-450x300.jpg 450w\" sizes=\"auto, (max-width: 600px) 100vw, 600px\" \/><\/figure>\n\n\n\n<p class=\"has-small-font-size\">Ver\u00f6ffentlicht am 14.April 2020<\/p>\n\n\n\n<p>Im Fr\u00fchjahr 2014 fand ich in einer sehr reifen Mango einen Kern, der schon aufgeplatzt war und einen fertigen Keim enthielt, der sich auf den Weg nach drau\u00dfen machte. Er musste einfach eingepflanzt werden. Nun treibt er an mehreren Stellen Bl\u00fcten.<\/p>\n\n\n\n<div class=\"wp-block-image\"><figure class=\"aligncenter size-large\"><img loading=\"lazy\" decoding=\"async\" width=\"400\" height=\"600\" src=\"http:\/\/www.wolle-landleben-design.de\/wp-content\/uploads\/2020\/04\/IMG_0615-1.jpg\" alt=\"\" class=\"wp-image-1974\" srcset=\"http:\/\/www.wolle-landleben-design.de\/wp-content\/uploads\/2020\/04\/IMG_0615-1.jpg 400w, http:\/\/www.wolle-landleben-design.de\/wp-content\/uploads\/2020\/04\/IMG_0615-1-200x300.jpg 200w, http:\/\/www.wolle-landleben-design.de\/wp-content\/uploads\/2020\/04\/IMG_0615-1-100x150.jpg 100w\" sizes=\"auto, (max-width: 400px) 100vw, 400px\" \/><\/figure><\/div>\n\n\n\n<div class=\"wp-block-image\"><figure class=\"aligncenter size-large\"><img loading=\"lazy\" decoding=\"async\" width=\"400\" height=\"600\" src=\"http:\/\/www.wolle-landleben-design.de\/wp-content\/uploads\/2020\/04\/IMG_0619-1.jpg\" alt=\"\" class=\"wp-image-1975\" srcset=\"http:\/\/www.wolle-landleben-design.de\/wp-content\/uploads\/2020\/04\/IMG_0619-1.jpg 400w, http:\/\/www.wolle-landleben-design.de\/wp-content\/uploads\/2020\/04\/IMG_0619-1-200x300.jpg 200w, http:\/\/www.wolle-landleben-design.de\/wp-content\/uploads\/2020\/04\/IMG_0619-1-100x150.jpg 100w\" sizes=\"auto, (max-width: 400px) 100vw, 400px\" \/><\/figure><\/div>\n\n\n\n<figure class=\"wp-block-image size-large\"><img loading=\"lazy\" decoding=\"async\" width=\"600\" height=\"400\" src=\"http:\/\/www.wolle-landleben-design.de\/wp-content\/uploads\/2020\/04\/IMG_0626-1.jpg\" alt=\"\" class=\"wp-image-1976\" srcset=\"http:\/\/www.wolle-landleben-design.de\/wp-content\/uploads\/2020\/04\/IMG_0626-1.jpg 600w, http:\/\/www.wolle-landleben-design.de\/wp-content\/uploads\/2020\/04\/IMG_0626-1-300x200.jpg 300w, http:\/\/www.wolle-landleben-design.de\/wp-content\/uploads\/2020\/04\/IMG_0626-1-150x100.jpg 150w, http:\/\/www.wolle-landleben-design.de\/wp-content\/uploads\/2020\/04\/IMG_0626-1-450x300.jpg 450w\" sizes=\"auto, (max-width: 600px) 100vw, 600px\" \/><\/figure>\n\n\n\n<div class=\"wp-block-image\"><figure class=\"aligncenter size-large\"><img loading=\"lazy\" decoding=\"async\" width=\"600\" height=\"400\" src=\"http:\/\/www.wolle-landleben-design.de\/wp-content\/uploads\/2020\/04\/IMG_0628-1.jpg\" alt=\"\" class=\"wp-image-1977\" srcset=\"http:\/\/www.wolle-landleben-design.de\/wp-content\/uploads\/2020\/04\/IMG_0628-1.jpg 600w, http:\/\/www.wolle-landleben-design.de\/wp-content\/uploads\/2020\/04\/IMG_0628-1-300x200.jpg 300w, http:\/\/www.wolle-landleben-design.de\/wp-content\/uploads\/2020\/04\/IMG_0628-1-150x100.jpg 150w, http:\/\/www.wolle-landleben-design.de\/wp-content\/uploads\/2020\/04\/IMG_0628-1-450x300.jpg 450w\" sizes=\"auto, (max-width: 600px) 100vw, 600px\" \/><\/figure><\/div>\n\n\n\n<figure class=\"wp-block-image size-large\"><img loading=\"lazy\" decoding=\"async\" width=\"600\" height=\"400\" src=\"http:\/\/www.wolle-landleben-design.de\/wp-content\/uploads\/2020\/04\/IMG_0638-1.jpg\" alt=\"\" class=\"wp-image-1978\" srcset=\"http:\/\/www.wolle-landleben-design.de\/wp-content\/uploads\/2020\/04\/IMG_0638-1.jpg 600w, http:\/\/www.wolle-landleben-design.de\/wp-content\/uploads\/2020\/04\/IMG_0638-1-300x200.jpg 300w, http:\/\/www.wolle-landleben-design.de\/wp-content\/uploads\/2020\/04\/IMG_0638-1-150x100.jpg 150w, http:\/\/www.wolle-landleben-design.de\/wp-content\/uploads\/2020\/04\/IMG_0638-1-450x300.jpg 450w\" sizes=\"auto, (max-width: 600px) 100vw, 600px\" \/><\/figure>\n\n\n\n<figure class=\"wp-block-image size-large\"><img loading=\"lazy\" decoding=\"async\" width=\"600\" height=\"400\" src=\"http:\/\/www.wolle-landleben-design.de\/wp-content\/uploads\/2020\/04\/IMG_0646-1.jpg\" alt=\"\" class=\"wp-image-1979\" srcset=\"http:\/\/www.wolle-landleben-design.de\/wp-content\/uploads\/2020\/04\/IMG_0646-1.jpg 600w, http:\/\/www.wolle-landleben-design.de\/wp-content\/uploads\/2020\/04\/IMG_0646-1-300x200.jpg 300w, http:\/\/www.wolle-landleben-design.de\/wp-content\/uploads\/2020\/04\/IMG_0646-1-150x100.jpg 150w, http:\/\/www.wolle-landleben-design.de\/wp-content\/uploads\/2020\/04\/IMG_0646-1-450x300.jpg 450w\" sizes=\"auto, (max-width: 600px) 100vw, 600px\" \/><\/figure>\n\n\n\n<figure class=\"wp-block-image size-large\"><img loading=\"lazy\" decoding=\"async\" width=\"600\" height=\"400\" src=\"http:\/\/www.wolle-landleben-design.de\/wp-content\/uploads\/2020\/04\/IMG_0649-1.jpg\" alt=\"\" class=\"wp-image-1980\" srcset=\"http:\/\/www.wolle-landleben-design.de\/wp-content\/uploads\/2020\/04\/IMG_0649-1.jpg 600w, http:\/\/www.wolle-landleben-design.de\/wp-content\/uploads\/2020\/04\/IMG_0649-1-300x200.jpg 300w, http:\/\/www.wolle-landleben-design.de\/wp-content\/uploads\/2020\/04\/IMG_0649-1-150x100.jpg 150w, http:\/\/www.wolle-landleben-design.de\/wp-content\/uploads\/2020\/04\/IMG_0649-1-450x300.jpg 450w\" sizes=\"auto, (max-width: 600px) 100vw, 600px\" \/><\/figure>\n\n\n\n<figure class=\"wp-block-image size-large\"><img loading=\"lazy\" decoding=\"async\" width=\"600\" height=\"400\" src=\"http:\/\/www.wolle-landleben-design.de\/wp-content\/uploads\/2020\/04\/IMG_0650-1.jpg\" alt=\"\" class=\"wp-image-1981\" srcset=\"http:\/\/www.wolle-landleben-design.de\/wp-content\/uploads\/2020\/04\/IMG_0650-1.jpg 600w, http:\/\/www.wolle-landleben-design.de\/wp-content\/uploads\/2020\/04\/IMG_0650-1-300x200.jpg 300w, http:\/\/www.wolle-landleben-design.de\/wp-content\/uploads\/2020\/04\/IMG_0650-1-150x100.jpg 150w, http:\/\/www.wolle-landleben-design.de\/wp-content\/uploads\/2020\/04\/IMG_0650-1-450x300.jpg 450w\" sizes=\"auto, (max-width: 600px) 100vw, 600px\" \/><\/figure>\n\n\n\n<p>Der kleine Mangobaum steht im Sommer drau\u00dfen und sonst im so gerade eben frostfreien Wintergarten\/Blumenlager.<\/p>\n","protected":false},"excerpt":{"rendered":"<p>ver\u00f6ffentlicht am 19.Mai 2020 Ver\u00f6ffentlicht am 14.April 2020 Im Fr\u00fchjahr 2014 fand ich in einer sehr reifen Mango einen Kern, der schon aufgeplatzt war und einen fertigen Keim enthielt, der sich auf den Weg nach drau\u00dfen machte. Er musste einfach &hellip; <a href=\"http:\/\/www.wolle-landleben-design.de\/?p=1973\">Weiterlesen <span class=\"meta-nav\">&rarr;<\/span><\/a><\/p>\n","protected":false},"author":1,"featured_media":0,"comment_status":"closed","ping_status":"open","sticky":false,"template":"","format":"standard","meta":{"footnotes":""},"categories":[4],"tags":[],"class_list":["post-1973","post","type-post","status-publish","format-standard","hentry","category-landleben-garten-tiere"],"_links":{"self":[{"href":"http:\/\/www.wolle-landleben-design.de\/index.php?rest_route=\/wp\/v2\/posts\/1973","targetHints":{"allow":["GET"]}}],"collection":[{"href":"http:\/\/www.wolle-landleben-design.de\/index.php?rest_route=\/wp\/v2\/posts"}],"about":[{"href":"http:\/\/www.wolle-landleben-design.de\/index.php?rest_route=\/wp\/v2\/types\/post"}],"author":[{"embeddable":true,"href":"http:\/\/www.wolle-landleben-design.de\/index.php?rest_route=\/wp\/v2\/users\/1"}],"replies":[{"embeddable":true,"href":"http:\/\/www.wolle-landleben-design.de\/index.php?rest_route=%2Fwp%2Fv2%2Fcomments&post=1973"}],"version-history":[{"count":4,"href":"http:\/\/www.wolle-landleben-design.de\/index.php?rest_route=\/wp\/v2\/posts\/1973\/revisions"}],"predecessor-version":[{"id":1992,"href":"http:\/\/www.wolle-landleben-design.de\/index.php?rest_route=\/wp\/v2\/posts\/1973\/revisions\/1992"}],"wp:attachment":[{"href":"http:\/\/www.wolle-landleben-design.de\/index.php?rest_route=%2Fwp%2Fv2%2Fmedia&parent=1973"}],"wp:term":[{"taxonomy":"category","embeddable":true,"href":"http:\/\/www.wolle-landleben-design.de\/index.php?rest_route=%2Fwp%2Fv2%2Fcategories&post=1973"},{"taxonomy":"post_tag","embeddable":true,"href":"http:\/\/www.wolle-landleben-design.de\/index.php?rest_route=%2Fwp%2Fv2%2Ftags&post=1973"}],"curies":[{"name":"wp","href":"https:\/\/api.w.org\/{rel}","templated":true}]}}