{"id":2094,"date":"2021-07-08T09:25:03","date_gmt":"2021-07-08T07:25:03","guid":{"rendered":"http:\/\/www.wolle-landleben-design.de\/?p=2094"},"modified":"2021-07-08T16:18:46","modified_gmt":"2021-07-08T14:18:46","slug":"2094","status":"publish","type":"post","link":"http:\/\/www.wolle-landleben-design.de\/?p=2094","title":{"rendered":""},"content":{"rendered":"\n<figure class=\"wp-block-image size-large\"><img loading=\"lazy\" decoding=\"async\" width=\"600\" height=\"400\" src=\"http:\/\/www.wolle-landleben-design.de\/wp-content\/uploads\/2021\/07\/IMG_20210629_073949-EFFECTS-1.jpg\" alt=\"\" class=\"wp-image-2095\" srcset=\"http:\/\/www.wolle-landleben-design.de\/wp-content\/uploads\/2021\/07\/IMG_20210629_073949-EFFECTS-1.jpg 600w, http:\/\/www.wolle-landleben-design.de\/wp-content\/uploads\/2021\/07\/IMG_20210629_073949-EFFECTS-1-300x200.jpg 300w, http:\/\/www.wolle-landleben-design.de\/wp-content\/uploads\/2021\/07\/IMG_20210629_073949-EFFECTS-1-150x100.jpg 150w, http:\/\/www.wolle-landleben-design.de\/wp-content\/uploads\/2021\/07\/IMG_20210629_073949-EFFECTS-1-450x300.jpg 450w\" sizes=\"auto, (max-width: 600px) 100vw, 600px\" \/><\/figure>\n\n\n\n<p class=\"has-text-align-center\">Hier f\u00fchlen sich nicht nur Molche, Fr\u00f6sche, Insekten und Co wohl, <br>hier bedienen sich auch in aller Ruhe M\u00e4use.<\/p>\n\n\n\n<figure class=\"wp-block-embed is-type-rich is-provider-handler-einbetten wp-block-embed-handler-einbetten wp-embed-aspect-16-9 wp-has-aspect-ratio\"><div class=\"wp-block-embed__wrapper\">\n<iframe loading=\"lazy\" title=\"Maus beim Mittagessen am Teich 1\" width=\"584\" height=\"329\" src=\"https:\/\/www.youtube.com\/embed\/o7ssBF1CZmM?feature=oembed\" frameborder=\"0\" allow=\"accelerometer; autoplay; clipboard-write; encrypted-media; gyroscope; picture-in-picture; web-share\" referrerpolicy=\"strict-origin-when-cross-origin\" allowfullscreen><\/iframe>\n<\/div><\/figure>\n\n\n\n<figure class=\"wp-block-embed is-type-rich is-provider-handler-einbetten wp-block-embed-handler-einbetten wp-embed-aspect-16-9 wp-has-aspect-ratio\"><div class=\"wp-block-embed__wrapper\">\n<iframe loading=\"lazy\" title=\"Maus beim Mittagessen am Teich 2\" width=\"584\" height=\"329\" src=\"https:\/\/www.youtube.com\/embed\/zI_CfAYNB_c?feature=oembed\" frameborder=\"0\" allow=\"accelerometer; autoplay; clipboard-write; encrypted-media; gyroscope; picture-in-picture; web-share\" referrerpolicy=\"strict-origin-when-cross-origin\" allowfullscreen><\/iframe>\n<\/div><\/figure>\n\n\n\n<p><\/p>\n","protected":false},"excerpt":{"rendered":"<p>Hier f\u00fchlen sich nicht nur Molche, Fr\u00f6sche, Insekten und Co wohl, hier bedienen sich auch in aller Ruhe M\u00e4use.<\/p>\n","protected":false},"author":1,"featured_media":0,"comment_status":"closed","ping_status":"open","sticky":false,"template":"","format":"standard","meta":{"footnotes":""},"categories":[4],"tags":[],"class_list":["post-2094","post","type-post","status-publish","format-standard","hentry","category-landleben-garten-tiere"],"_links":{"self":[{"href":"http:\/\/www.wolle-landleben-design.de\/index.php?rest_route=\/wp\/v2\/posts\/2094","targetHints":{"allow":["GET"]}}],"collection":[{"href":"http:\/\/www.wolle-landleben-design.de\/index.php?rest_route=\/wp\/v2\/posts"}],"about":[{"href":"http:\/\/www.wolle-landleben-design.de\/index.php?rest_route=\/wp\/v2\/types\/post"}],"author":[{"embeddable":true,"href":"http:\/\/www.wolle-landleben-design.de\/index.php?rest_route=\/wp\/v2\/users\/1"}],"replies":[{"embeddable":true,"href":"http:\/\/www.wolle-landleben-design.de\/index.php?rest_route=%2Fwp%2Fv2%2Fcomments&post=2094"}],"version-history":[{"count":3,"href":"http:\/\/www.wolle-landleben-design.de\/index.php?rest_route=\/wp\/v2\/posts\/2094\/revisions"}],"predecessor-version":[{"id":2101,"href":"http:\/\/www.wolle-landleben-design.de\/index.php?rest_route=\/wp\/v2\/posts\/2094\/revisions\/2101"}],"wp:attachment":[{"href":"http:\/\/www.wolle-landleben-design.de\/index.php?rest_route=%2Fwp%2Fv2%2Fmedia&parent=2094"}],"wp:term":[{"taxonomy":"category","embeddable":true,"href":"http:\/\/www.wolle-landleben-design.de\/index.php?rest_route=%2Fwp%2Fv2%2Fcategories&post=2094"},{"taxonomy":"post_tag","embeddable":true,"href":"http:\/\/www.wolle-landleben-design.de\/index.php?rest_route=%2Fwp%2Fv2%2Ftags&post=2094"}],"curies":[{"name":"wp","href":"https:\/\/api.w.org\/{rel}","templated":true}]}}