{"id":2125,"date":"2021-11-30T17:52:00","date_gmt":"2021-11-30T15:52:00","guid":{"rendered":"http:\/\/www.wolle-landleben-design.de\/?p=2125"},"modified":"2021-12-02T18:04:38","modified_gmt":"2021-12-02T16:04:38","slug":"webmarathon","status":"publish","type":"post","link":"http:\/\/www.wolle-landleben-design.de\/?p=2125","title":{"rendered":"Webmarathon"},"content":{"rendered":"\n<p>beendet und 2930\u00a0g handgesponnene Milchschafwolle aus dem Vorrat verarbeitet:<br>&#8211; Naturwei\u00dfe Decke ( s. post unten ) 190 cm x 215 cm<br>&#8211; Karierte Decke aus naturfarbenen und pflanzengef\u00e4rbten Garnen 95 cm x 220 cm<br>Dazu wurde gebraucht:<br>&#8211; 3 mal Kettgarn: je 400 F\u00e4den a 300 cm = 3.600 m<br>&#8211; 3 mal Schussgarn: ca. 4 bis 5 F\u00e4den pro 1 cm f\u00fcr je ca. 215 cm L\u00e4nge = 2.580 bis 3.225 m<br>Nun d\u00fcrfen die Decken erst einmal eine Woche entspannen bevor Nachbearbeitung und Fotos folgen.<\/p>\n","protected":false},"excerpt":{"rendered":"<p>beendet und 2930\u00a0g handgesponnene Milchschafwolle aus dem Vorrat verarbeitet:&#8211; Naturwei\u00dfe Decke ( s. post unten ) 190 cm x 215 cm&#8211; Karierte Decke aus naturfarbenen und pflanzengef\u00e4rbten Garnen 95 cm x 220 cmDazu wurde gebraucht:&#8211; 3 mal Kettgarn: je 400 &hellip; <a href=\"http:\/\/www.wolle-landleben-design.de\/?p=2125\">Weiterlesen <span class=\"meta-nav\">&rarr;<\/span><\/a><\/p>\n","protected":false},"author":1,"featured_media":0,"comment_status":"closed","ping_status":"open","sticky":false,"template":"","format":"standard","meta":{"footnotes":""},"categories":[5,3],"tags":[89,67],"class_list":["post-2125","post","type-post","status-publish","format-standard","hentry","category-design","category-wolle-und-farben","tag-pflanzenfarben","tag-weben"],"_links":{"self":[{"href":"http:\/\/www.wolle-landleben-design.de\/index.php?rest_route=\/wp\/v2\/posts\/2125","targetHints":{"allow":["GET"]}}],"collection":[{"href":"http:\/\/www.wolle-landleben-design.de\/index.php?rest_route=\/wp\/v2\/posts"}],"about":[{"href":"http:\/\/www.wolle-landleben-design.de\/index.php?rest_route=\/wp\/v2\/types\/post"}],"author":[{"embeddable":true,"href":"http:\/\/www.wolle-landleben-design.de\/index.php?rest_route=\/wp\/v2\/users\/1"}],"replies":[{"embeddable":true,"href":"http:\/\/www.wolle-landleben-design.de\/index.php?rest_route=%2Fwp%2Fv2%2Fcomments&post=2125"}],"version-history":[{"count":1,"href":"http:\/\/www.wolle-landleben-design.de\/index.php?rest_route=\/wp\/v2\/posts\/2125\/revisions"}],"predecessor-version":[{"id":2126,"href":"http:\/\/www.wolle-landleben-design.de\/index.php?rest_route=\/wp\/v2\/posts\/2125\/revisions\/2126"}],"wp:attachment":[{"href":"http:\/\/www.wolle-landleben-design.de\/index.php?rest_route=%2Fwp%2Fv2%2Fmedia&parent=2125"}],"wp:term":[{"taxonomy":"category","embeddable":true,"href":"http:\/\/www.wolle-landleben-design.de\/index.php?rest_route=%2Fwp%2Fv2%2Fcategories&post=2125"},{"taxonomy":"post_tag","embeddable":true,"href":"http:\/\/www.wolle-landleben-design.de\/index.php?rest_route=%2Fwp%2Fv2%2Ftags&post=2125"}],"curies":[{"name":"wp","href":"https:\/\/api.w.org\/{rel}","templated":true}]}}