{"id":2176,"date":"2022-06-13T09:04:38","date_gmt":"2022-06-13T07:04:38","guid":{"rendered":"http:\/\/www.wolle-landleben-design.de\/?p=2176"},"modified":"2022-06-13T09:07:30","modified_gmt":"2022-06-13T07:07:30","slug":"gefilzte-patchwork-wolldecke","status":"publish","type":"post","link":"http:\/\/www.wolle-landleben-design.de\/?p=2176","title":{"rendered":"Gefilzte Patchwork &#8211; Wolldecke"},"content":{"rendered":"\n<figure class=\"wp-block-image size-full\"><img loading=\"lazy\" decoding=\"async\" width=\"600\" height=\"400\" src=\"http:\/\/www.wolle-landleben-design.de\/wp-content\/uploads\/2022\/06\/IMG_1166-1.jpg\" alt=\"\" class=\"wp-image-2178\" srcset=\"http:\/\/www.wolle-landleben-design.de\/wp-content\/uploads\/2022\/06\/IMG_1166-1.jpg 600w, http:\/\/www.wolle-landleben-design.de\/wp-content\/uploads\/2022\/06\/IMG_1166-1-300x200.jpg 300w, http:\/\/www.wolle-landleben-design.de\/wp-content\/uploads\/2022\/06\/IMG_1166-1-150x100.jpg 150w, http:\/\/www.wolle-landleben-design.de\/wp-content\/uploads\/2022\/06\/IMG_1166-1-450x300.jpg 450w\" sizes=\"auto, (max-width: 600px) 100vw, 600px\" \/><\/figure>\n\n\n\n<p>Eine Reise durch \u00fcber 30 Jahre Verarbeitung der eigenen Schafvliese:<br>Waschen, Kardieren, Spinnen, F\u00e4rben mit Pflanzen, Weben, N\u00e4hen und Stricken.<br>Decken, Kissen und Bekleidung wurden in der Waschmaschine gefilzt, zugeschnitten und von Hand zusammengen\u00e4ht, ca. 200 x185 cm.<\/p>\n\n\n\n<figure class=\"wp-block-image size-full\"><img loading=\"lazy\" decoding=\"async\" width=\"600\" height=\"400\" src=\"http:\/\/www.wolle-landleben-design.de\/wp-content\/uploads\/2022\/06\/IMG_1168-1.jpg\" alt=\"\" class=\"wp-image-2179\" srcset=\"http:\/\/www.wolle-landleben-design.de\/wp-content\/uploads\/2022\/06\/IMG_1168-1.jpg 600w, http:\/\/www.wolle-landleben-design.de\/wp-content\/uploads\/2022\/06\/IMG_1168-1-300x200.jpg 300w, http:\/\/www.wolle-landleben-design.de\/wp-content\/uploads\/2022\/06\/IMG_1168-1-150x100.jpg 150w, http:\/\/www.wolle-landleben-design.de\/wp-content\/uploads\/2022\/06\/IMG_1168-1-450x300.jpg 450w\" sizes=\"auto, (max-width: 600px) 100vw, 600px\" \/><\/figure>\n\n\n\n<figure class=\"wp-block-image size-full\"><img loading=\"lazy\" decoding=\"async\" width=\"600\" height=\"400\" src=\"http:\/\/www.wolle-landleben-design.de\/wp-content\/uploads\/2022\/06\/IMG_1169-1.jpg\" alt=\"\" class=\"wp-image-2180\" srcset=\"http:\/\/www.wolle-landleben-design.de\/wp-content\/uploads\/2022\/06\/IMG_1169-1.jpg 600w, http:\/\/www.wolle-landleben-design.de\/wp-content\/uploads\/2022\/06\/IMG_1169-1-300x200.jpg 300w, http:\/\/www.wolle-landleben-design.de\/wp-content\/uploads\/2022\/06\/IMG_1169-1-150x100.jpg 150w, http:\/\/www.wolle-landleben-design.de\/wp-content\/uploads\/2022\/06\/IMG_1169-1-450x300.jpg 450w\" sizes=\"auto, (max-width: 600px) 100vw, 600px\" \/><\/figure>\n\n\n\n<figure class=\"wp-block-image size-full\"><img loading=\"lazy\" decoding=\"async\" width=\"600\" height=\"400\" src=\"http:\/\/www.wolle-landleben-design.de\/wp-content\/uploads\/2022\/06\/IMG_1170-1.jpg\" alt=\"\" class=\"wp-image-2181\" srcset=\"http:\/\/www.wolle-landleben-design.de\/wp-content\/uploads\/2022\/06\/IMG_1170-1.jpg 600w, http:\/\/www.wolle-landleben-design.de\/wp-content\/uploads\/2022\/06\/IMG_1170-1-300x200.jpg 300w, http:\/\/www.wolle-landleben-design.de\/wp-content\/uploads\/2022\/06\/IMG_1170-1-150x100.jpg 150w, http:\/\/www.wolle-landleben-design.de\/wp-content\/uploads\/2022\/06\/IMG_1170-1-450x300.jpg 450w\" sizes=\"auto, (max-width: 600px) 100vw, 600px\" \/><\/figure>\n\n\n\n<p>Die Schnittreste reichten noch f\u00fcr eine Kissenplatte ca. 45 x 50 cm.<\/p>\n\n\n\n<figure class=\"wp-block-image size-full\"><img loading=\"lazy\" decoding=\"async\" width=\"600\" height=\"400\" src=\"http:\/\/www.wolle-landleben-design.de\/wp-content\/uploads\/2022\/06\/IMG_1171-1.jpg\" alt=\"\" class=\"wp-image-2182\" srcset=\"http:\/\/www.wolle-landleben-design.de\/wp-content\/uploads\/2022\/06\/IMG_1171-1.jpg 600w, http:\/\/www.wolle-landleben-design.de\/wp-content\/uploads\/2022\/06\/IMG_1171-1-300x200.jpg 300w, http:\/\/www.wolle-landleben-design.de\/wp-content\/uploads\/2022\/06\/IMG_1171-1-150x100.jpg 150w, http:\/\/www.wolle-landleben-design.de\/wp-content\/uploads\/2022\/06\/IMG_1171-1-450x300.jpg 450w\" sizes=\"auto, (max-width: 600px) 100vw, 600px\" \/><\/figure>\n","protected":false},"excerpt":{"rendered":"<p>Eine Reise durch \u00fcber 30 Jahre Verarbeitung der eigenen Schafvliese:Waschen, Kardieren, Spinnen, F\u00e4rben mit Pflanzen, Weben, N\u00e4hen und Stricken.Decken, Kissen und Bekleidung wurden in der Waschmaschine gefilzt, zugeschnitten und von Hand zusammengen\u00e4ht, ca. 200 x185 cm. Die Schnittreste reichten noch &hellip; <a href=\"http:\/\/www.wolle-landleben-design.de\/?p=2176\">Weiterlesen <span class=\"meta-nav\">&rarr;<\/span><\/a><\/p>\n","protected":false},"author":1,"featured_media":0,"comment_status":"closed","ping_status":"open","sticky":false,"template":"","format":"standard","meta":{"footnotes":""},"categories":[5,3],"tags":[66,106,89,79,67],"class_list":["post-2176","post","type-post","status-publish","format-standard","hentry","category-design","category-wolle-und-farben","tag-naehen","tag-patchwork","tag-pflanzenfarben","tag-stricken","tag-weben"],"_links":{"self":[{"href":"http:\/\/www.wolle-landleben-design.de\/index.php?rest_route=\/wp\/v2\/posts\/2176","targetHints":{"allow":["GET"]}}],"collection":[{"href":"http:\/\/www.wolle-landleben-design.de\/index.php?rest_route=\/wp\/v2\/posts"}],"about":[{"href":"http:\/\/www.wolle-landleben-design.de\/index.php?rest_route=\/wp\/v2\/types\/post"}],"author":[{"embeddable":true,"href":"http:\/\/www.wolle-landleben-design.de\/index.php?rest_route=\/wp\/v2\/users\/1"}],"replies":[{"embeddable":true,"href":"http:\/\/www.wolle-landleben-design.de\/index.php?rest_route=%2Fwp%2Fv2%2Fcomments&post=2176"}],"version-history":[{"count":3,"href":"http:\/\/www.wolle-landleben-design.de\/index.php?rest_route=\/wp\/v2\/posts\/2176\/revisions"}],"predecessor-version":[{"id":2185,"href":"http:\/\/www.wolle-landleben-design.de\/index.php?rest_route=\/wp\/v2\/posts\/2176\/revisions\/2185"}],"wp:attachment":[{"href":"http:\/\/www.wolle-landleben-design.de\/index.php?rest_route=%2Fwp%2Fv2%2Fmedia&parent=2176"}],"wp:term":[{"taxonomy":"category","embeddable":true,"href":"http:\/\/www.wolle-landleben-design.de\/index.php?rest_route=%2Fwp%2Fv2%2Fcategories&post=2176"},{"taxonomy":"post_tag","embeddable":true,"href":"http:\/\/www.wolle-landleben-design.de\/index.php?rest_route=%2Fwp%2Fv2%2Ftags&post=2176"}],"curies":[{"name":"wp","href":"https:\/\/api.w.org\/{rel}","templated":true}]}}