{"id":2217,"date":"2024-05-29T19:36:09","date_gmt":"2024-05-29T17:36:09","guid":{"rendered":"http:\/\/www.wolle-landleben-design.de\/?p=2217"},"modified":"2024-06-06T08:25:40","modified_gmt":"2024-06-06T06:25:40","slug":"gelbe-wiesenameise","status":"publish","type":"post","link":"http:\/\/www.wolle-landleben-design.de\/?p=2217","title":{"rendered":"Gelbe Wiesenameise"},"content":{"rendered":"\n<p class=\"has-text-align-center\">auf S\u00fc\u00dfdolde<\/p>\n\n\n<div class=\"wp-block-image\">\n<figure class=\"aligncenter size-full\"><img loading=\"lazy\" decoding=\"async\" width=\"400\" height=\"600\" src=\"http:\/\/www.wolle-landleben-design.de\/wp-content\/uploads\/2024\/05\/IMG_20240529_141548-1.jpg\" alt=\"\" class=\"wp-image-2218\" srcset=\"http:\/\/www.wolle-landleben-design.de\/wp-content\/uploads\/2024\/05\/IMG_20240529_141548-1.jpg 400w, http:\/\/www.wolle-landleben-design.de\/wp-content\/uploads\/2024\/05\/IMG_20240529_141548-1-200x300.jpg 200w, http:\/\/www.wolle-landleben-design.de\/wp-content\/uploads\/2024\/05\/IMG_20240529_141548-1-100x150.jpg 100w\" sizes=\"auto, (max-width: 400px) 100vw, 400px\" \/><\/figure>\n<\/div>\n\n\n<figure class=\"wp-block-image size-full\"><img loading=\"lazy\" decoding=\"async\" width=\"600\" height=\"400\" src=\"http:\/\/www.wolle-landleben-design.de\/wp-content\/uploads\/2024\/05\/IMG_20240529_141600-1.jpg\" alt=\"\" class=\"wp-image-2220\" srcset=\"http:\/\/www.wolle-landleben-design.de\/wp-content\/uploads\/2024\/05\/IMG_20240529_141600-1.jpg 600w, http:\/\/www.wolle-landleben-design.de\/wp-content\/uploads\/2024\/05\/IMG_20240529_141600-1-300x200.jpg 300w, http:\/\/www.wolle-landleben-design.de\/wp-content\/uploads\/2024\/05\/IMG_20240529_141600-1-150x100.jpg 150w, http:\/\/www.wolle-landleben-design.de\/wp-content\/uploads\/2024\/05\/IMG_20240529_141600-1-450x300.jpg 450w\" sizes=\"auto, (max-width: 600px) 100vw, 600px\" \/><\/figure>\n\n\n\n<figure class=\"wp-block-image size-full\"><img loading=\"lazy\" decoding=\"async\" width=\"600\" height=\"400\" src=\"http:\/\/www.wolle-landleben-design.de\/wp-content\/uploads\/2024\/05\/IMG_20240529_141600-2.jpg\" alt=\"\" class=\"wp-image-2219\" srcset=\"http:\/\/www.wolle-landleben-design.de\/wp-content\/uploads\/2024\/05\/IMG_20240529_141600-2.jpg 600w, http:\/\/www.wolle-landleben-design.de\/wp-content\/uploads\/2024\/05\/IMG_20240529_141600-2-300x200.jpg 300w, http:\/\/www.wolle-landleben-design.de\/wp-content\/uploads\/2024\/05\/IMG_20240529_141600-2-150x100.jpg 150w, http:\/\/www.wolle-landleben-design.de\/wp-content\/uploads\/2024\/05\/IMG_20240529_141600-2-450x300.jpg 450w\" sizes=\"auto, (max-width: 600px) 100vw, 600px\" \/><\/figure>\n\n\n\n<p class=\"has-text-align-center\">Die Ameisen sch\u00fctzen die Blattl\u00e4use vor Fressfeinden, und im Gegenzug <br>d\u00fcrfen sie den von ihnen ausgeschiedenen &#8222;Honigtau&#8220; aufnehmen.<\/p>\n","protected":false},"excerpt":{"rendered":"<p>auf S\u00fc\u00dfdolde Die Ameisen sch\u00fctzen die Blattl\u00e4use vor Fressfeinden, und im Gegenzug d\u00fcrfen sie den von ihnen ausgeschiedenen &#8222;Honigtau&#8220; aufnehmen.<\/p>\n","protected":false},"author":1,"featured_media":0,"comment_status":"closed","ping_status":"open","sticky":false,"template":"","format":"standard","meta":{"footnotes":""},"categories":[4],"tags":[125],"class_list":["post-2217","post","type-post","status-publish","format-standard","hentry","category-landleben-garten-tiere","tag-ameise"],"_links":{"self":[{"href":"http:\/\/www.wolle-landleben-design.de\/index.php?rest_route=\/wp\/v2\/posts\/2217","targetHints":{"allow":["GET"]}}],"collection":[{"href":"http:\/\/www.wolle-landleben-design.de\/index.php?rest_route=\/wp\/v2\/posts"}],"about":[{"href":"http:\/\/www.wolle-landleben-design.de\/index.php?rest_route=\/wp\/v2\/types\/post"}],"author":[{"embeddable":true,"href":"http:\/\/www.wolle-landleben-design.de\/index.php?rest_route=\/wp\/v2\/users\/1"}],"replies":[{"embeddable":true,"href":"http:\/\/www.wolle-landleben-design.de\/index.php?rest_route=%2Fwp%2Fv2%2Fcomments&post=2217"}],"version-history":[{"count":3,"href":"http:\/\/www.wolle-landleben-design.de\/index.php?rest_route=\/wp\/v2\/posts\/2217\/revisions"}],"predecessor-version":[{"id":2229,"href":"http:\/\/www.wolle-landleben-design.de\/index.php?rest_route=\/wp\/v2\/posts\/2217\/revisions\/2229"}],"wp:attachment":[{"href":"http:\/\/www.wolle-landleben-design.de\/index.php?rest_route=%2Fwp%2Fv2%2Fmedia&parent=2217"}],"wp:term":[{"taxonomy":"category","embeddable":true,"href":"http:\/\/www.wolle-landleben-design.de\/index.php?rest_route=%2Fwp%2Fv2%2Fcategories&post=2217"},{"taxonomy":"post_tag","embeddable":true,"href":"http:\/\/www.wolle-landleben-design.de\/index.php?rest_route=%2Fwp%2Fv2%2Ftags&post=2217"}],"curies":[{"name":"wp","href":"https:\/\/api.w.org\/{rel}","templated":true}]}}