{"id":2257,"date":"2024-08-01T12:13:11","date_gmt":"2024-08-01T10:13:11","guid":{"rendered":"http:\/\/www.wolle-landleben-design.de\/?p=2257"},"modified":"2024-08-02T08:32:40","modified_gmt":"2024-08-02T06:32:40","slug":"junge-weinschnecken","status":"publish","type":"post","link":"http:\/\/www.wolle-landleben-design.de\/?p=2257","title":{"rendered":"Junge Weinschnecken"},"content":{"rendered":"\n<figure class=\"wp-block-image size-full\"><img loading=\"lazy\" decoding=\"async\" width=\"600\" height=\"400\" src=\"http:\/\/www.wolle-landleben-design.de\/wp-content\/uploads\/2024\/08\/IMG_20240624_190548-1.jpg\" alt=\"\" class=\"wp-image-2259\" srcset=\"http:\/\/www.wolle-landleben-design.de\/wp-content\/uploads\/2024\/08\/IMG_20240624_190548-1.jpg 600w, http:\/\/www.wolle-landleben-design.de\/wp-content\/uploads\/2024\/08\/IMG_20240624_190548-1-300x200.jpg 300w, http:\/\/www.wolle-landleben-design.de\/wp-content\/uploads\/2024\/08\/IMG_20240624_190548-1-150x100.jpg 150w, http:\/\/www.wolle-landleben-design.de\/wp-content\/uploads\/2024\/08\/IMG_20240624_190548-1-450x300.jpg 450w\" sizes=\"auto, (max-width: 600px) 100vw, 600px\" \/><\/figure>\n\n\n\n<p>Nachdem M\u00e4use oder V\u00f6gel das <a href=\"http:\/\/www.wolle-landleben-design.de\/?p=2212\"><strong><em>Gelege<\/em><\/strong><\/a> ( s. 22.6.24 unten ) durchw\u00fchlt hatten, wanderten die verbliebenen intakten Eier ins Terrarium. Dort schl\u00fcpften einige Schnecken und arbeiteten sich an die Oberfl\u00e4che.<\/p>\n\n\n\n<figure class=\"wp-block-image size-full\"><img loading=\"lazy\" decoding=\"async\" width=\"600\" height=\"400\" src=\"http:\/\/www.wolle-landleben-design.de\/wp-content\/uploads\/2024\/08\/IMG_20240718_191451-1.jpg\" alt=\"\" class=\"wp-image-2260\" srcset=\"http:\/\/www.wolle-landleben-design.de\/wp-content\/uploads\/2024\/08\/IMG_20240718_191451-1.jpg 600w, http:\/\/www.wolle-landleben-design.de\/wp-content\/uploads\/2024\/08\/IMG_20240718_191451-1-300x200.jpg 300w, http:\/\/www.wolle-landleben-design.de\/wp-content\/uploads\/2024\/08\/IMG_20240718_191451-1-150x100.jpg 150w, http:\/\/www.wolle-landleben-design.de\/wp-content\/uploads\/2024\/08\/IMG_20240718_191451-1-450x300.jpg 450w\" sizes=\"auto, (max-width: 600px) 100vw, 600px\" \/><\/figure>\n\n\n\n<figure class=\"wp-block-image size-full\"><img loading=\"lazy\" decoding=\"async\" width=\"600\" height=\"400\" src=\"http:\/\/www.wolle-landleben-design.de\/wp-content\/uploads\/2024\/08\/IMG_20240718_191539-1.jpg\" alt=\"\" class=\"wp-image-2262\" srcset=\"http:\/\/www.wolle-landleben-design.de\/wp-content\/uploads\/2024\/08\/IMG_20240718_191539-1.jpg 600w, http:\/\/www.wolle-landleben-design.de\/wp-content\/uploads\/2024\/08\/IMG_20240718_191539-1-300x200.jpg 300w, http:\/\/www.wolle-landleben-design.de\/wp-content\/uploads\/2024\/08\/IMG_20240718_191539-1-150x100.jpg 150w, http:\/\/www.wolle-landleben-design.de\/wp-content\/uploads\/2024\/08\/IMG_20240718_191539-1-450x300.jpg 450w\" sizes=\"auto, (max-width: 600px) 100vw, 600px\" \/><\/figure>\n\n\n\n<figure class=\"wp-block-image size-full\"><img loading=\"lazy\" decoding=\"async\" width=\"600\" height=\"400\" src=\"http:\/\/www.wolle-landleben-design.de\/wp-content\/uploads\/2024\/08\/IMG_20240718_191556-1.jpg\" alt=\"\" class=\"wp-image-2263\" srcset=\"http:\/\/www.wolle-landleben-design.de\/wp-content\/uploads\/2024\/08\/IMG_20240718_191556-1.jpg 600w, http:\/\/www.wolle-landleben-design.de\/wp-content\/uploads\/2024\/08\/IMG_20240718_191556-1-300x200.jpg 300w, http:\/\/www.wolle-landleben-design.de\/wp-content\/uploads\/2024\/08\/IMG_20240718_191556-1-150x100.jpg 150w, http:\/\/www.wolle-landleben-design.de\/wp-content\/uploads\/2024\/08\/IMG_20240718_191556-1-450x300.jpg 450w\" sizes=\"auto, (max-width: 600px) 100vw, 600px\" \/><\/figure>\n\n\n\n<p class=\"has-text-align-center\">14 Tage sp\u00e4ter sieht man sie schon mal \u00f6fter, <br>wenn es morgens noch k\u00fchl und feucht ist.<\/p>\n\n\n\n<figure class=\"wp-block-image size-full\"><img loading=\"lazy\" decoding=\"async\" width=\"600\" height=\"400\" src=\"http:\/\/www.wolle-landleben-design.de\/wp-content\/uploads\/2024\/08\/IMG_20240731_094611-1.jpg\" alt=\"\" class=\"wp-image-2264\" srcset=\"http:\/\/www.wolle-landleben-design.de\/wp-content\/uploads\/2024\/08\/IMG_20240731_094611-1.jpg 600w, http:\/\/www.wolle-landleben-design.de\/wp-content\/uploads\/2024\/08\/IMG_20240731_094611-1-300x200.jpg 300w, http:\/\/www.wolle-landleben-design.de\/wp-content\/uploads\/2024\/08\/IMG_20240731_094611-1-150x100.jpg 150w, http:\/\/www.wolle-landleben-design.de\/wp-content\/uploads\/2024\/08\/IMG_20240731_094611-1-450x300.jpg 450w\" sizes=\"auto, (max-width: 600px) 100vw, 600px\" \/><\/figure>\n\n\n\n<figure class=\"wp-block-image size-full\"><img loading=\"lazy\" decoding=\"async\" width=\"600\" height=\"400\" src=\"http:\/\/www.wolle-landleben-design.de\/wp-content\/uploads\/2024\/08\/IMG_20240731_094517-1.jpg\" alt=\"\" class=\"wp-image-2266\" srcset=\"http:\/\/www.wolle-landleben-design.de\/wp-content\/uploads\/2024\/08\/IMG_20240731_094517-1.jpg 600w, http:\/\/www.wolle-landleben-design.de\/wp-content\/uploads\/2024\/08\/IMG_20240731_094517-1-300x200.jpg 300w, http:\/\/www.wolle-landleben-design.de\/wp-content\/uploads\/2024\/08\/IMG_20240731_094517-1-150x100.jpg 150w, http:\/\/www.wolle-landleben-design.de\/wp-content\/uploads\/2024\/08\/IMG_20240731_094517-1-450x300.jpg 450w\" sizes=\"auto, (max-width: 600px) 100vw, 600px\" \/><\/figure>\n\n\n\n<p>Die Schneckenh\u00e4uschen sind jetzt zwischen 6 und 9 mm gro\u00df.<\/p>\n","protected":false},"excerpt":{"rendered":"<p>Nachdem M\u00e4use oder V\u00f6gel das Gelege ( s. 22.6.24 unten ) durchw\u00fchlt hatten, wanderten die verbliebenen intakten Eier ins Terrarium. Dort schl\u00fcpften einige Schnecken und arbeiteten sich an die Oberfl\u00e4che. 14 Tage sp\u00e4ter sieht man sie schon mal \u00f6fter, wenn &hellip; <a href=\"http:\/\/www.wolle-landleben-design.de\/?p=2257\">Weiterlesen <span class=\"meta-nav\">&rarr;<\/span><\/a><\/p>\n","protected":false},"author":1,"featured_media":0,"comment_status":"closed","ping_status":"open","sticky":false,"template":"","format":"standard","meta":{"footnotes":""},"categories":[4],"tags":[123],"class_list":["post-2257","post","type-post","status-publish","format-standard","hentry","category-landleben-garten-tiere","tag-weinbergschnecke"],"_links":{"self":[{"href":"http:\/\/www.wolle-landleben-design.de\/index.php?rest_route=\/wp\/v2\/posts\/2257","targetHints":{"allow":["GET"]}}],"collection":[{"href":"http:\/\/www.wolle-landleben-design.de\/index.php?rest_route=\/wp\/v2\/posts"}],"about":[{"href":"http:\/\/www.wolle-landleben-design.de\/index.php?rest_route=\/wp\/v2\/types\/post"}],"author":[{"embeddable":true,"href":"http:\/\/www.wolle-landleben-design.de\/index.php?rest_route=\/wp\/v2\/users\/1"}],"replies":[{"embeddable":true,"href":"http:\/\/www.wolle-landleben-design.de\/index.php?rest_route=%2Fwp%2Fv2%2Fcomments&post=2257"}],"version-history":[{"count":4,"href":"http:\/\/www.wolle-landleben-design.de\/index.php?rest_route=\/wp\/v2\/posts\/2257\/revisions"}],"predecessor-version":[{"id":2269,"href":"http:\/\/www.wolle-landleben-design.de\/index.php?rest_route=\/wp\/v2\/posts\/2257\/revisions\/2269"}],"wp:attachment":[{"href":"http:\/\/www.wolle-landleben-design.de\/index.php?rest_route=%2Fwp%2Fv2%2Fmedia&parent=2257"}],"wp:term":[{"taxonomy":"category","embeddable":true,"href":"http:\/\/www.wolle-landleben-design.de\/index.php?rest_route=%2Fwp%2Fv2%2Fcategories&post=2257"},{"taxonomy":"post_tag","embeddable":true,"href":"http:\/\/www.wolle-landleben-design.de\/index.php?rest_route=%2Fwp%2Fv2%2Ftags&post=2257"}],"curies":[{"name":"wp","href":"https:\/\/api.w.org\/{rel}","templated":true}]}}