{"id":2303,"date":"2024-09-17T12:05:42","date_gmt":"2024-09-17T10:05:42","guid":{"rendered":"http:\/\/www.wolle-landleben-design.de\/?p=2303"},"modified":"2024-09-17T12:05:42","modified_gmt":"2024-09-17T10:05:42","slug":"die-weinbergschnecken","status":"publish","type":"post","link":"http:\/\/www.wolle-landleben-design.de\/?p=2303","title":{"rendered":"Die Weinbergschnecken &#8230;"},"content":{"rendered":"\n<p class=\"has-text-align-center\">&#8230; sind in ein gr\u00f6\u00dferes Terrarium umgezogen. <br>Die H\u00e4uschen haben mittlerweile einen Durchmesser von 20 &#8211; 24 mm.<\/p>\n\n\n\n<figure class=\"wp-block-image size-full\"><img loading=\"lazy\" decoding=\"async\" width=\"600\" height=\"400\" src=\"http:\/\/www.wolle-landleben-design.de\/wp-content\/uploads\/2024\/09\/IMG_20240916_232626-1.jpg\" alt=\"\" class=\"wp-image-2304\" srcset=\"http:\/\/www.wolle-landleben-design.de\/wp-content\/uploads\/2024\/09\/IMG_20240916_232626-1.jpg 600w, http:\/\/www.wolle-landleben-design.de\/wp-content\/uploads\/2024\/09\/IMG_20240916_232626-1-300x200.jpg 300w, http:\/\/www.wolle-landleben-design.de\/wp-content\/uploads\/2024\/09\/IMG_20240916_232626-1-150x100.jpg 150w, http:\/\/www.wolle-landleben-design.de\/wp-content\/uploads\/2024\/09\/IMG_20240916_232626-1-450x300.jpg 450w\" sizes=\"auto, (max-width: 600px) 100vw, 600px\" \/><\/figure>\n\n\n\n<figure class=\"wp-block-image size-full is-resized\"><img loading=\"lazy\" decoding=\"async\" width=\"600\" height=\"400\" src=\"http:\/\/www.wolle-landleben-design.de\/wp-content\/uploads\/2024\/09\/IMG_20240916_232615-1.jpg\" alt=\"\" class=\"wp-image-2305\" style=\"width:614px;height:auto\" srcset=\"http:\/\/www.wolle-landleben-design.de\/wp-content\/uploads\/2024\/09\/IMG_20240916_232615-1.jpg 600w, http:\/\/www.wolle-landleben-design.de\/wp-content\/uploads\/2024\/09\/IMG_20240916_232615-1-300x200.jpg 300w, http:\/\/www.wolle-landleben-design.de\/wp-content\/uploads\/2024\/09\/IMG_20240916_232615-1-150x100.jpg 150w, http:\/\/www.wolle-landleben-design.de\/wp-content\/uploads\/2024\/09\/IMG_20240916_232615-1-450x300.jpg 450w\" sizes=\"auto, (max-width: 600px) 100vw, 600px\" \/><\/figure>\n\n\n\n<figure class=\"wp-block-image size-full\"><img loading=\"lazy\" decoding=\"async\" width=\"600\" height=\"400\" src=\"http:\/\/www.wolle-landleben-design.de\/wp-content\/uploads\/2024\/09\/IMG_20240916_232421-1.jpg\" alt=\"\" class=\"wp-image-2306\" srcset=\"http:\/\/www.wolle-landleben-design.de\/wp-content\/uploads\/2024\/09\/IMG_20240916_232421-1.jpg 600w, http:\/\/www.wolle-landleben-design.de\/wp-content\/uploads\/2024\/09\/IMG_20240916_232421-1-300x200.jpg 300w, http:\/\/www.wolle-landleben-design.de\/wp-content\/uploads\/2024\/09\/IMG_20240916_232421-1-150x100.jpg 150w, http:\/\/www.wolle-landleben-design.de\/wp-content\/uploads\/2024\/09\/IMG_20240916_232421-1-450x300.jpg 450w\" sizes=\"auto, (max-width: 600px) 100vw, 600px\" \/><\/figure>\n","protected":false},"excerpt":{"rendered":"<p>&#8230; sind in ein gr\u00f6\u00dferes Terrarium umgezogen. Die H\u00e4uschen haben mittlerweile einen Durchmesser von 20 &#8211; 24 mm.<\/p>\n","protected":false},"author":1,"featured_media":0,"comment_status":"closed","ping_status":"open","sticky":false,"template":"","format":"standard","meta":{"footnotes":""},"categories":[4],"tags":[123],"class_list":["post-2303","post","type-post","status-publish","format-standard","hentry","category-landleben-garten-tiere","tag-weinbergschnecke"],"_links":{"self":[{"href":"http:\/\/www.wolle-landleben-design.de\/index.php?rest_route=\/wp\/v2\/posts\/2303","targetHints":{"allow":["GET"]}}],"collection":[{"href":"http:\/\/www.wolle-landleben-design.de\/index.php?rest_route=\/wp\/v2\/posts"}],"about":[{"href":"http:\/\/www.wolle-landleben-design.de\/index.php?rest_route=\/wp\/v2\/types\/post"}],"author":[{"embeddable":true,"href":"http:\/\/www.wolle-landleben-design.de\/index.php?rest_route=\/wp\/v2\/users\/1"}],"replies":[{"embeddable":true,"href":"http:\/\/www.wolle-landleben-design.de\/index.php?rest_route=%2Fwp%2Fv2%2Fcomments&post=2303"}],"version-history":[{"count":1,"href":"http:\/\/www.wolle-landleben-design.de\/index.php?rest_route=\/wp\/v2\/posts\/2303\/revisions"}],"predecessor-version":[{"id":2307,"href":"http:\/\/www.wolle-landleben-design.de\/index.php?rest_route=\/wp\/v2\/posts\/2303\/revisions\/2307"}],"wp:attachment":[{"href":"http:\/\/www.wolle-landleben-design.de\/index.php?rest_route=%2Fwp%2Fv2%2Fmedia&parent=2303"}],"wp:term":[{"taxonomy":"category","embeddable":true,"href":"http:\/\/www.wolle-landleben-design.de\/index.php?rest_route=%2Fwp%2Fv2%2Fcategories&post=2303"},{"taxonomy":"post_tag","embeddable":true,"href":"http:\/\/www.wolle-landleben-design.de\/index.php?rest_route=%2Fwp%2Fv2%2Ftags&post=2303"}],"curies":[{"name":"wp","href":"https:\/\/api.w.org\/{rel}","templated":true}]}}