{"id":2316,"date":"2024-12-12T19:20:46","date_gmt":"2024-12-12T17:20:46","guid":{"rendered":"http:\/\/www.wolle-landleben-design.de\/?p=2316"},"modified":"2024-12-12T19:20:46","modified_gmt":"2024-12-12T17:20:46","slug":"haareis-eiswolle","status":"publish","type":"post","link":"http:\/\/www.wolle-landleben-design.de\/?p=2316","title":{"rendered":"Haareis\/Eiswolle"},"content":{"rendered":"\n<p class=\"has-text-align-center\">auf Buchen\u00e4sten<\/p>\n\n\n\n<figure class=\"wp-block-image size-full\"><img loading=\"lazy\" decoding=\"async\" width=\"600\" height=\"400\" src=\"http:\/\/www.wolle-landleben-design.de\/wp-content\/uploads\/2024\/12\/IMG_20241212_113009-1.jpg\" alt=\"\" class=\"wp-image-2318\" srcset=\"http:\/\/www.wolle-landleben-design.de\/wp-content\/uploads\/2024\/12\/IMG_20241212_113009-1.jpg 600w, http:\/\/www.wolle-landleben-design.de\/wp-content\/uploads\/2024\/12\/IMG_20241212_113009-1-300x200.jpg 300w, http:\/\/www.wolle-landleben-design.de\/wp-content\/uploads\/2024\/12\/IMG_20241212_113009-1-150x100.jpg 150w, http:\/\/www.wolle-landleben-design.de\/wp-content\/uploads\/2024\/12\/IMG_20241212_113009-1-450x300.jpg 450w\" sizes=\"auto, (max-width: 600px) 100vw, 600px\" \/><\/figure>\n\n\n\n<figure class=\"wp-block-image size-full\"><img loading=\"lazy\" decoding=\"async\" width=\"600\" height=\"400\" src=\"http:\/\/www.wolle-landleben-design.de\/wp-content\/uploads\/2024\/12\/IMG_20241212_113027_1-1.jpg\" alt=\"\" class=\"wp-image-2319\" srcset=\"http:\/\/www.wolle-landleben-design.de\/wp-content\/uploads\/2024\/12\/IMG_20241212_113027_1-1.jpg 600w, http:\/\/www.wolle-landleben-design.de\/wp-content\/uploads\/2024\/12\/IMG_20241212_113027_1-1-300x200.jpg 300w, http:\/\/www.wolle-landleben-design.de\/wp-content\/uploads\/2024\/12\/IMG_20241212_113027_1-1-150x100.jpg 150w, http:\/\/www.wolle-landleben-design.de\/wp-content\/uploads\/2024\/12\/IMG_20241212_113027_1-1-450x300.jpg 450w\" sizes=\"auto, (max-width: 600px) 100vw, 600px\" \/><\/figure>\n\n\n\n<figure class=\"wp-block-image size-full\"><img loading=\"lazy\" decoding=\"async\" width=\"600\" height=\"400\" src=\"http:\/\/www.wolle-landleben-design.de\/wp-content\/uploads\/2024\/12\/IMG_20241212_113128-1.jpg\" alt=\"\" class=\"wp-image-2321\" srcset=\"http:\/\/www.wolle-landleben-design.de\/wp-content\/uploads\/2024\/12\/IMG_20241212_113128-1.jpg 600w, http:\/\/www.wolle-landleben-design.de\/wp-content\/uploads\/2024\/12\/IMG_20241212_113128-1-300x200.jpg 300w, http:\/\/www.wolle-landleben-design.de\/wp-content\/uploads\/2024\/12\/IMG_20241212_113128-1-150x100.jpg 150w, http:\/\/www.wolle-landleben-design.de\/wp-content\/uploads\/2024\/12\/IMG_20241212_113128-1-450x300.jpg 450w\" sizes=\"auto, (max-width: 600px) 100vw, 600px\" \/><\/figure>\n\n\n\n<figure class=\"wp-block-image size-full\"><img loading=\"lazy\" decoding=\"async\" width=\"600\" height=\"400\" src=\"http:\/\/www.wolle-landleben-design.de\/wp-content\/uploads\/2024\/12\/IMG_20241212_113108-1.jpg\" alt=\"\" class=\"wp-image-2320\" srcset=\"http:\/\/www.wolle-landleben-design.de\/wp-content\/uploads\/2024\/12\/IMG_20241212_113108-1.jpg 600w, http:\/\/www.wolle-landleben-design.de\/wp-content\/uploads\/2024\/12\/IMG_20241212_113108-1-300x200.jpg 300w, http:\/\/www.wolle-landleben-design.de\/wp-content\/uploads\/2024\/12\/IMG_20241212_113108-1-150x100.jpg 150w, http:\/\/www.wolle-landleben-design.de\/wp-content\/uploads\/2024\/12\/IMG_20241212_113108-1-450x300.jpg 450w\" sizes=\"auto, (max-width: 600px) 100vw, 600px\" \/><\/figure>\n\n\n\n<p>Bei sehr hoher Luftfeuchtigkeit und wenn das Wasser im Holz knapp \u00fcber dem Gefrierpunkt, die Luft aber geringf\u00fcgig unter 0 Grad liegt, kann es zu der eher seltenen Haareisbildung kommen. Dabei dr\u00e4ngen die Stoffwechselgase winteraktiver Pilze das Wasser im Holz an die Oberfl\u00e4che, wo es gefriert. Durch nachdr\u00e4ngende Fl\u00fcssigkeit w\u00e4chst das Haareis weiter. Die langen Eisnadeln entstehen haupts\u00e4chlich auf morschem und feuchtem Holz.<\/p>\n\n\n<div class=\"wp-block-image\">\n<figure class=\"aligncenter size-full\"><img loading=\"lazy\" decoding=\"async\" width=\"400\" height=\"600\" src=\"http:\/\/www.wolle-landleben-design.de\/wp-content\/uploads\/2024\/12\/IMG_20241212_113212-12-1.jpg\" alt=\"\" class=\"wp-image-2322\" srcset=\"http:\/\/www.wolle-landleben-design.de\/wp-content\/uploads\/2024\/12\/IMG_20241212_113212-12-1.jpg 400w, http:\/\/www.wolle-landleben-design.de\/wp-content\/uploads\/2024\/12\/IMG_20241212_113212-12-1-200x300.jpg 200w, http:\/\/www.wolle-landleben-design.de\/wp-content\/uploads\/2024\/12\/IMG_20241212_113212-12-1-100x150.jpg 100w\" sizes=\"auto, (max-width: 400px) 100vw, 400px\" \/><\/figure>\n<\/div>\n\n\n<p><\/p>\n","protected":false},"excerpt":{"rendered":"<p>auf Buchen\u00e4sten Bei sehr hoher Luftfeuchtigkeit und wenn das Wasser im Holz knapp \u00fcber dem Gefrierpunkt, die Luft aber geringf\u00fcgig unter 0 Grad liegt, kann es zu der eher seltenen Haareisbildung kommen. Dabei dr\u00e4ngen die Stoffwechselgase winteraktiver Pilze das Wasser &hellip; <a href=\"http:\/\/www.wolle-landleben-design.de\/?p=2316\">Weiterlesen <span class=\"meta-nav\">&rarr;<\/span><\/a><\/p>\n","protected":false},"author":1,"featured_media":0,"comment_status":"closed","ping_status":"open","sticky":false,"template":"","format":"standard","meta":{"footnotes":""},"categories":[4],"tags":[133,132],"class_list":["post-2316","post","type-post","status-publish","format-standard","hentry","category-landleben-garten-tiere","tag-eiswolle","tag-haareis"],"_links":{"self":[{"href":"http:\/\/www.wolle-landleben-design.de\/index.php?rest_route=\/wp\/v2\/posts\/2316","targetHints":{"allow":["GET"]}}],"collection":[{"href":"http:\/\/www.wolle-landleben-design.de\/index.php?rest_route=\/wp\/v2\/posts"}],"about":[{"href":"http:\/\/www.wolle-landleben-design.de\/index.php?rest_route=\/wp\/v2\/types\/post"}],"author":[{"embeddable":true,"href":"http:\/\/www.wolle-landleben-design.de\/index.php?rest_route=\/wp\/v2\/users\/1"}],"replies":[{"embeddable":true,"href":"http:\/\/www.wolle-landleben-design.de\/index.php?rest_route=%2Fwp%2Fv2%2Fcomments&post=2316"}],"version-history":[{"count":1,"href":"http:\/\/www.wolle-landleben-design.de\/index.php?rest_route=\/wp\/v2\/posts\/2316\/revisions"}],"predecessor-version":[{"id":2323,"href":"http:\/\/www.wolle-landleben-design.de\/index.php?rest_route=\/wp\/v2\/posts\/2316\/revisions\/2323"}],"wp:attachment":[{"href":"http:\/\/www.wolle-landleben-design.de\/index.php?rest_route=%2Fwp%2Fv2%2Fmedia&parent=2316"}],"wp:term":[{"taxonomy":"category","embeddable":true,"href":"http:\/\/www.wolle-landleben-design.de\/index.php?rest_route=%2Fwp%2Fv2%2Fcategories&post=2316"},{"taxonomy":"post_tag","embeddable":true,"href":"http:\/\/www.wolle-landleben-design.de\/index.php?rest_route=%2Fwp%2Fv2%2Ftags&post=2316"}],"curies":[{"name":"wp","href":"https:\/\/api.w.org\/{rel}","templated":true}]}}