{"id":263,"date":"2012-10-06T19:37:55","date_gmt":"2012-10-06T17:37:55","guid":{"rendered":"<p style=\"text-align: center;\">In diesem Jahr\u00a0sind die Schafvliese wieder so sauber, dass man sie direkt verspinnen kann.\r\n<a href=\"www.wolle-landleben-design.de\/wp-content\/uploads\/2012\/10\/IMG_8765-1.jpg\"><img class=\"aligncenter size-full wp-image-264\" ti"},"modified":"2012-10-22T19:24:45","modified_gmt":"2012-10-22T17:24:45","slug":"sockenwolle-natur","status":"publish","type":"post","link":"http:\/\/www.wolle-landleben-design.de\/?p=263","title":{"rendered":"Sockenwolle natur"},"content":{"rendered":"<p style=\"text-align: center;\">In diesem Jahr\u00a0sind die Schafvliese wieder so sauber, dass man sie direkt verspinnen kann.<br \/>\n<a href=\"http:\/\/www.wolle-landleben-design.de\/wp-content\/uploads\/2012\/10\/IMG_8765-1.jpg\"><img loading=\"lazy\" decoding=\"async\" class=\"aligncenter size-full wp-image-264\" title=\"IMG_8765-1\" src=\"http:\/\/www.wolle-landleben-design.de\/wp-content\/uploads\/2012\/10\/IMG_8765-1.jpg\" alt=\"\" width=\"500\" height=\"333\" \/><\/a><\/p>\n<p style=\"text-align: center;\">Es reicht, die leicht verklebten Spitzen mit der Hundeb\u00fcrste kurz zu \u00f6ffnen.<br \/>\n<a href=\"http:\/\/www.wolle-landleben-design.de\/wp-content\/uploads\/2012\/10\/IMG_8767-1.jpg\"><img loading=\"lazy\" decoding=\"async\" class=\"aligncenter size-full wp-image-265\" title=\"IMG_8767-1\" src=\"http:\/\/www.wolle-landleben-design.de\/wp-content\/uploads\/2012\/10\/IMG_8767-1.jpg\" alt=\"\" width=\"500\" height=\"333\" \/><\/a><\/p>\n<p style=\"text-align: center;\">Und schon l\u00e4sst sich die Faser fast wie Kammzug verspinnen.<br \/>\n<a href=\"http:\/\/www.wolle-landleben-design.de\/wp-content\/uploads\/2012\/10\/IMG_8772-1.jpg\"><img loading=\"lazy\" decoding=\"async\" class=\"aligncenter size-full wp-image-266\" title=\"IMG_8772-1\" src=\"http:\/\/www.wolle-landleben-design.de\/wp-content\/uploads\/2012\/10\/IMG_8772-1.jpg\" alt=\"\" width=\"500\" height=\"333\" \/><\/a><\/p>\n<p style=\"text-align: center;\">\u00a0Noch mit der Bambus-Viskose, auf dem Flohmarktfund gesponnen, zwirnen &#8230;..<br \/>\n<a href=\"http:\/\/www.wolle-landleben-design.de\/wp-content\/uploads\/2012\/09\/IMG_8746-1.jpg\"><img loading=\"lazy\" decoding=\"async\" class=\"aligncenter size-full wp-image-257\" title=\"IMG_8746-1\" src=\"http:\/\/www.wolle-landleben-design.de\/wp-content\/uploads\/2012\/09\/IMG_8746-1.jpg\" alt=\"\" width=\"500\" height=\"333\" \/><\/a><\/p>\n<p style=\"text-align: center;\">&#8230;zweimal handwarm einweichen, einmal waschen &#8230;&#8230;.<br \/>\n<a href=\"http:\/\/www.wolle-landleben-design.de\/wp-content\/uploads\/2012\/10\/IMG_8778-1.jpg\"><img loading=\"lazy\" decoding=\"async\" class=\"aligncenter size-full wp-image-267\" title=\"IMG_8778-1\" src=\"http:\/\/www.wolle-landleben-design.de\/wp-content\/uploads\/2012\/10\/IMG_8778-1.jpg\" alt=\"\" width=\"500\" height=\"333\" \/><\/a><\/p>\n<p style=\"text-align: center;\">&#8230;.. und fertig ist die Sockenwolle.<\/p>\n","protected":false},"excerpt":{"rendered":"<p>In diesem Jahr\u00a0sind die Schafvliese wieder so sauber, dass man sie direkt verspinnen kann. Es reicht, die leicht verklebten Spitzen mit der Hundeb\u00fcrste kurz zu \u00f6ffnen. Und schon l\u00e4sst sich die Faser fast wie Kammzug verspinnen. \u00a0Noch mit der Bambus-Viskose, &hellip; <a href=\"http:\/\/www.wolle-landleben-design.de\/?p=263\">Weiterlesen <span class=\"meta-nav\">&rarr;<\/span><\/a><\/p>\n","protected":false},"author":1,"featured_media":0,"comment_status":"closed","ping_status":"open","sticky":false,"template":"","format":"standard","meta":{"footnotes":""},"categories":[3],"tags":[11,12,10,14,13],"class_list":["post-263","post","type-post","status-publish","format-standard","hentry","category-wolle-und-farben","tag-faser","tag-kammzug","tag-schaf","tag-sockenwolle","tag-spinnen"],"_links":{"self":[{"href":"http:\/\/www.wolle-landleben-design.de\/index.php?rest_route=\/wp\/v2\/posts\/263","targetHints":{"allow":["GET"]}}],"collection":[{"href":"http:\/\/www.wolle-landleben-design.de\/index.php?rest_route=\/wp\/v2\/posts"}],"about":[{"href":"http:\/\/www.wolle-landleben-design.de\/index.php?rest_route=\/wp\/v2\/types\/post"}],"author":[{"embeddable":true,"href":"http:\/\/www.wolle-landleben-design.de\/index.php?rest_route=\/wp\/v2\/users\/1"}],"replies":[{"embeddable":true,"href":"http:\/\/www.wolle-landleben-design.de\/index.php?rest_route=%2Fwp%2Fv2%2Fcomments&post=263"}],"version-history":[{"count":5,"href":"http:\/\/www.wolle-landleben-design.de\/index.php?rest_route=\/wp\/v2\/posts\/263\/revisions"}],"predecessor-version":[{"id":285,"href":"http:\/\/www.wolle-landleben-design.de\/index.php?rest_route=\/wp\/v2\/posts\/263\/revisions\/285"}],"wp:attachment":[{"href":"http:\/\/www.wolle-landleben-design.de\/index.php?rest_route=%2Fwp%2Fv2%2Fmedia&parent=263"}],"wp:term":[{"taxonomy":"category","embeddable":true,"href":"http:\/\/www.wolle-landleben-design.de\/index.php?rest_route=%2Fwp%2Fv2%2Fcategories&post=263"},{"taxonomy":"post_tag","embeddable":true,"href":"http:\/\/www.wolle-landleben-design.de\/index.php?rest_route=%2Fwp%2Fv2%2Ftags&post=263"}],"curies":[{"name":"wp","href":"https:\/\/api.w.org\/{rel}","templated":true}]}}