{"id":276,"date":"2012-10-22T11:02:23","date_gmt":"2012-10-22T09:02:23","guid":{"rendered":"<p style=\"text-align: center;\">Beim Anblick des Pfaffenh\u00fctchens im Herbst fallen mir immer wieder die L\u00e4use ein, die zum F\u00e4rben im Schrank warten.\r\n<a href=\"www.wolle-landleben-design.de\/wp-content\/uploads\/2012\/10\/IMG_8838-1.jpg\"><img class=\"aligncenter s"},"modified":"2012-10-23T09:45:39","modified_gmt":"2012-10-23T07:45:39","slug":"cochenille","status":"publish","type":"post","link":"http:\/\/www.wolle-landleben-design.de\/?p=276","title":{"rendered":"Cochenille"},"content":{"rendered":"<p style=\"text-align: center;\">Beim Anblick des Pfaffenh\u00fctchens im Herbst fallen mir immer wieder die L\u00e4use ein, die zum F\u00e4rben im Schrank warten.<br \/>\n<a href=\"http:\/\/www.wolle-landleben-design.de\/wp-content\/uploads\/2012\/10\/IMG_8838-1.jpg\"><img loading=\"lazy\" decoding=\"async\" class=\"aligncenter size-full wp-image-279\" title=\"IMG_8838-1\" src=\"http:\/\/www.wolle-landleben-design.de\/wp-content\/uploads\/2012\/10\/IMG_8838-1.jpg\" alt=\"\" width=\"500\" height=\"333\" \/><\/a><\/p>\n<p style=\"text-align: center;\">Mit 10% gemahlenem Cochenille in drei Z\u00fcgen auf Alaun vorgebeizte Wolle gef\u00e4rbt.<br \/>\n<a href=\"http:\/\/www.wolle-landleben-design.de\/wp-content\/uploads\/2012\/10\/IMG_8830-1.jpg\"><img loading=\"lazy\" decoding=\"async\" class=\"aligncenter size-full wp-image-277\" title=\"IMG_8830-1\" src=\"http:\/\/www.wolle-landleben-design.de\/wp-content\/uploads\/2012\/10\/IMG_8830-1.jpg\" alt=\"\" width=\"500\" height=\"333\" \/><\/a><\/p>\n<p style=\"text-align: center;\">\u00a0<\/p>\n","protected":false},"excerpt":{"rendered":"<p>Beim Anblick des Pfaffenh\u00fctchens im Herbst fallen mir immer wieder die L\u00e4use ein, die zum F\u00e4rben im Schrank warten. Mit 10% gemahlenem Cochenille in drei Z\u00fcgen auf Alaun vorgebeizte Wolle gef\u00e4rbt. \u00a0<\/p>\n","protected":false},"author":1,"featured_media":0,"comment_status":"closed","ping_status":"open","sticky":false,"template":"","format":"standard","meta":{"footnotes":""},"categories":[3],"tags":[7,8],"class_list":["post-276","post","type-post","status-publish","format-standard","hentry","category-wolle-und-farben","tag-cochenille","tag-gefarbt"],"_links":{"self":[{"href":"http:\/\/www.wolle-landleben-design.de\/index.php?rest_route=\/wp\/v2\/posts\/276","targetHints":{"allow":["GET"]}}],"collection":[{"href":"http:\/\/www.wolle-landleben-design.de\/index.php?rest_route=\/wp\/v2\/posts"}],"about":[{"href":"http:\/\/www.wolle-landleben-design.de\/index.php?rest_route=\/wp\/v2\/types\/post"}],"author":[{"embeddable":true,"href":"http:\/\/www.wolle-landleben-design.de\/index.php?rest_route=\/wp\/v2\/users\/1"}],"replies":[{"embeddable":true,"href":"http:\/\/www.wolle-landleben-design.de\/index.php?rest_route=%2Fwp%2Fv2%2Fcomments&post=276"}],"version-history":[{"count":5,"href":"http:\/\/www.wolle-landleben-design.de\/index.php?rest_route=\/wp\/v2\/posts\/276\/revisions"}],"predecessor-version":[{"id":282,"href":"http:\/\/www.wolle-landleben-design.de\/index.php?rest_route=\/wp\/v2\/posts\/276\/revisions\/282"}],"wp:attachment":[{"href":"http:\/\/www.wolle-landleben-design.de\/index.php?rest_route=%2Fwp%2Fv2%2Fmedia&parent=276"}],"wp:term":[{"taxonomy":"category","embeddable":true,"href":"http:\/\/www.wolle-landleben-design.de\/index.php?rest_route=%2Fwp%2Fv2%2Fcategories&post=276"},{"taxonomy":"post_tag","embeddable":true,"href":"http:\/\/www.wolle-landleben-design.de\/index.php?rest_route=%2Fwp%2Fv2%2Ftags&post=276"}],"curies":[{"name":"wp","href":"https:\/\/api.w.org\/{rel}","templated":true}]}}