{"id":627,"date":"2013-07-20T22:19:54","date_gmt":"2013-07-20T20:19:54","guid":{"rendered":"<p style=\"text-align: center;\">Hier einmal ein kleiner \u00dcberblick \u00fcber unsere Mitbewohner,\r\ndie morgens und abends lautstark nach Futter rufen.<\/p>\r\n<p style=\"text-align: center;\">Neben den vier Aquarien und den drei Labradors w\u00e4ren da zun\u00e4chst die Gr\u00fcnleg"},"modified":"2013-10-07T19:32:18","modified_gmt":"2013-10-07T17:32:18","slug":"tierisches-landleben","status":"publish","type":"post","link":"http:\/\/www.wolle-landleben-design.de\/?p=627","title":{"rendered":"Tierisches Landleben"},"content":{"rendered":"<p style=\"text-align: center;\">Hier einmal ein kleiner \u00dcberblick \u00fcber unsere Mitbewohner,<br \/>\ndie morgens und abends lautstark nach Futter rufen.<\/p>\n<p style=\"text-align: center;\">Neben den vier Aquarien und den drei Labradors w\u00e4ren da zun\u00e4chst die Gr\u00fcnleger, die sich bei diesem hei\u00dfen Wetter am liebsten unter den B\u00fcschen verstecken. Deshalb kann ich jetzt nur das selbstgebaute H\u00fchnerhaus zeigen:<br \/>\n<a class=\"lightbox\" href=\"http:\/\/www.wolle-landleben-design.de\/wp-content\/uploads\/2013\/07\/IMG_0417-1.jpg\"><img loading=\"lazy\" decoding=\"async\" class=\"aligncenter size-full wp-image-628\" alt=\"IMG_0417-1\" src=\"http:\/\/www.wolle-landleben-design.de\/wp-content\/uploads\/2013\/07\/IMG_0417-1.jpg\" width=\"500\" height=\"333\" srcset=\"http:\/\/www.wolle-landleben-design.de\/wp-content\/uploads\/2013\/07\/IMG_0417-1.jpg 500w, http:\/\/www.wolle-landleben-design.de\/wp-content\/uploads\/2013\/07\/IMG_0417-1-150x99.jpg 150w, http:\/\/www.wolle-landleben-design.de\/wp-content\/uploads\/2013\/07\/IMG_0417-1-300x199.jpg 300w, http:\/\/www.wolle-landleben-design.de\/wp-content\/uploads\/2013\/07\/IMG_0417-1-450x300.jpg 450w\" sizes=\"auto, (max-width: 500px) 100vw, 500px\" \/><\/a>Hinter der linken T\u00fcre befinden sich zwei Nester und z. Z. eine Glucke.<br \/>\n<a class=\"lightbox\" href=\"http:\/\/www.wolle-landleben-design.de\/wp-content\/uploads\/2013\/07\/IMG_0418-1.jpg\"><img loading=\"lazy\" decoding=\"async\" class=\"aligncenter size-full wp-image-629\" alt=\"IMG_0418-1\" src=\"http:\/\/www.wolle-landleben-design.de\/wp-content\/uploads\/2013\/07\/IMG_0418-1.jpg\" width=\"500\" height=\"333\" srcset=\"http:\/\/www.wolle-landleben-design.de\/wp-content\/uploads\/2013\/07\/IMG_0418-1.jpg 500w, http:\/\/www.wolle-landleben-design.de\/wp-content\/uploads\/2013\/07\/IMG_0418-1-150x99.jpg 150w, http:\/\/www.wolle-landleben-design.de\/wp-content\/uploads\/2013\/07\/IMG_0418-1-300x199.jpg 300w, http:\/\/www.wolle-landleben-design.de\/wp-content\/uploads\/2013\/07\/IMG_0418-1-450x300.jpg 450w\" sizes=\"auto, (max-width: 500px) 100vw, 500px\" \/><\/a>Auch die anderen H\u00fchner wie Brahmas, Australorps und Marans zeigen sich nur selten.<br \/>\n<a class=\"lightbox\" href=\"http:\/\/www.wolle-landleben-design.de\/wp-content\/uploads\/2013\/07\/IMG_0389-1.jpg\"><img loading=\"lazy\" decoding=\"async\" class=\"aligncenter size-full wp-image-630\" alt=\"IMG_0389-1\" src=\"http:\/\/www.wolle-landleben-design.de\/wp-content\/uploads\/2013\/07\/IMG_0389-1.jpg\" width=\"500\" height=\"333\" srcset=\"http:\/\/www.wolle-landleben-design.de\/wp-content\/uploads\/2013\/07\/IMG_0389-1.jpg 500w, http:\/\/www.wolle-landleben-design.de\/wp-content\/uploads\/2013\/07\/IMG_0389-1-150x99.jpg 150w, http:\/\/www.wolle-landleben-design.de\/wp-content\/uploads\/2013\/07\/IMG_0389-1-300x199.jpg 300w, http:\/\/www.wolle-landleben-design.de\/wp-content\/uploads\/2013\/07\/IMG_0389-1-450x300.jpg 450w\" sizes=\"auto, (max-width: 500px) 100vw, 500px\" \/><\/a>\u00a0Die H\u00fchnerk\u00fcken suchen ebenfalls den Schatten, ob gro\u00df &#8230;<br \/>\n<a class=\"lightbox\" href=\"http:\/\/www.wolle-landleben-design.de\/wp-content\/uploads\/2013\/07\/IMG_0393-1.jpg\"><img loading=\"lazy\" decoding=\"async\" class=\"aligncenter size-full wp-image-632\" alt=\"IMG_0393-1\" src=\"http:\/\/www.wolle-landleben-design.de\/wp-content\/uploads\/2013\/07\/IMG_0393-1.jpg\" width=\"500\" height=\"333\" srcset=\"http:\/\/www.wolle-landleben-design.de\/wp-content\/uploads\/2013\/07\/IMG_0393-1.jpg 500w, http:\/\/www.wolle-landleben-design.de\/wp-content\/uploads\/2013\/07\/IMG_0393-1-150x99.jpg 150w, http:\/\/www.wolle-landleben-design.de\/wp-content\/uploads\/2013\/07\/IMG_0393-1-300x199.jpg 300w, http:\/\/www.wolle-landleben-design.de\/wp-content\/uploads\/2013\/07\/IMG_0393-1-450x300.jpg 450w\" sizes=\"auto, (max-width: 500px) 100vw, 500px\" \/><\/a>&#8230; oder klein.<br \/>\n<a class=\"lightbox\" href=\"http:\/\/www.wolle-landleben-design.de\/wp-content\/uploads\/2013\/07\/IMG_0394-1.jpg\"><img loading=\"lazy\" decoding=\"async\" class=\"aligncenter size-full wp-image-633\" alt=\"IMG_0394-1\" src=\"http:\/\/www.wolle-landleben-design.de\/wp-content\/uploads\/2013\/07\/IMG_0394-1.jpg\" width=\"500\" height=\"333\" srcset=\"http:\/\/www.wolle-landleben-design.de\/wp-content\/uploads\/2013\/07\/IMG_0394-1.jpg 500w, http:\/\/www.wolle-landleben-design.de\/wp-content\/uploads\/2013\/07\/IMG_0394-1-150x99.jpg 150w, http:\/\/www.wolle-landleben-design.de\/wp-content\/uploads\/2013\/07\/IMG_0394-1-300x199.jpg 300w, http:\/\/www.wolle-landleben-design.de\/wp-content\/uploads\/2013\/07\/IMG_0394-1-450x300.jpg 450w\" sizes=\"auto, (max-width: 500px) 100vw, 500px\" \/><\/a><a class=\"lightbox\" href=\"http:\/\/www.wolle-landleben-design.de\/wp-content\/uploads\/2013\/07\/IMG_0395-1.jpg\"><img loading=\"lazy\" decoding=\"async\" class=\"aligncenter size-full wp-image-634\" alt=\"IMG_0395-1\" src=\"http:\/\/www.wolle-landleben-design.de\/wp-content\/uploads\/2013\/07\/IMG_0395-1.jpg\" width=\"500\" height=\"333\" srcset=\"http:\/\/www.wolle-landleben-design.de\/wp-content\/uploads\/2013\/07\/IMG_0395-1.jpg 500w, http:\/\/www.wolle-landleben-design.de\/wp-content\/uploads\/2013\/07\/IMG_0395-1-150x99.jpg 150w, http:\/\/www.wolle-landleben-design.de\/wp-content\/uploads\/2013\/07\/IMG_0395-1-300x199.jpg 300w, http:\/\/www.wolle-landleben-design.de\/wp-content\/uploads\/2013\/07\/IMG_0395-1-450x300.jpg 450w\" sizes=\"auto, (max-width: 500px) 100vw, 500px\" \/><\/a>Auch die jungen Wachteln genie\u00dfen die Sonnentage im Schatten<br \/>\n10 Tage alt<br \/>\n<a class=\"lightbox\" href=\"http:\/\/www.wolle-landleben-design.de\/wp-content\/uploads\/2013\/07\/IMG_0384-1.jpg\"><img loading=\"lazy\" decoding=\"async\" class=\"aligncenter size-full wp-image-635\" alt=\"IMG_0384-1\" src=\"http:\/\/www.wolle-landleben-design.de\/wp-content\/uploads\/2013\/07\/IMG_0384-1.jpg\" width=\"500\" height=\"333\" srcset=\"http:\/\/www.wolle-landleben-design.de\/wp-content\/uploads\/2013\/07\/IMG_0384-1.jpg 500w, http:\/\/www.wolle-landleben-design.de\/wp-content\/uploads\/2013\/07\/IMG_0384-1-150x99.jpg 150w, http:\/\/www.wolle-landleben-design.de\/wp-content\/uploads\/2013\/07\/IMG_0384-1-300x199.jpg 300w, http:\/\/www.wolle-landleben-design.de\/wp-content\/uploads\/2013\/07\/IMG_0384-1-450x300.jpg 450w\" sizes=\"auto, (max-width: 500px) 100vw, 500px\" \/><\/a><a href=\"http:\/\/www.wolle-landleben-design.de\/wp-content\/uploads\/2013\/07\/IMG_0388-1.jpg\"><img loading=\"lazy\" decoding=\"async\" class=\"aligncenter size-full wp-image-636\" alt=\"IMG_0388-1\" src=\"http:\/\/www.wolle-landleben-design.de\/wp-content\/uploads\/2013\/07\/IMG_0388-1.jpg\" width=\"500\" height=\"333\" srcset=\"http:\/\/www.wolle-landleben-design.de\/wp-content\/uploads\/2013\/07\/IMG_0388-1.jpg 500w, http:\/\/www.wolle-landleben-design.de\/wp-content\/uploads\/2013\/07\/IMG_0388-1-150x99.jpg 150w, http:\/\/www.wolle-landleben-design.de\/wp-content\/uploads\/2013\/07\/IMG_0388-1-300x199.jpg 300w, http:\/\/www.wolle-landleben-design.de\/wp-content\/uploads\/2013\/07\/IMG_0388-1-450x300.jpg 450w\" sizes=\"auto, (max-width: 500px) 100vw, 500px\" \/><\/a>und 40 Tage alt<br \/>\n<a href=\"http:\/\/www.wolle-landleben-design.de\/wp-content\/uploads\/2013\/07\/IMG_0382-1.jpg\"><img loading=\"lazy\" decoding=\"async\" class=\"aligncenter size-full wp-image-637\" alt=\"IMG_0382-1\" src=\"http:\/\/www.wolle-landleben-design.de\/wp-content\/uploads\/2013\/07\/IMG_0382-1.jpg\" width=\"500\" height=\"333\" srcset=\"http:\/\/www.wolle-landleben-design.de\/wp-content\/uploads\/2013\/07\/IMG_0382-1.jpg 500w, http:\/\/www.wolle-landleben-design.de\/wp-content\/uploads\/2013\/07\/IMG_0382-1-150x99.jpg 150w, http:\/\/www.wolle-landleben-design.de\/wp-content\/uploads\/2013\/07\/IMG_0382-1-300x199.jpg 300w, http:\/\/www.wolle-landleben-design.de\/wp-content\/uploads\/2013\/07\/IMG_0382-1-450x300.jpg 450w\" sizes=\"auto, (max-width: 500px) 100vw, 500px\" \/><\/a>Drau\u00dfen bei den Schafen stehen die G\u00e4nse.<br \/>\n<a href=\"http:\/\/www.wolle-landleben-design.de\/wp-content\/uploads\/2013\/07\/IMG_0292-1.jpg\"><img loading=\"lazy\" decoding=\"async\" class=\"aligncenter size-full wp-image-638\" alt=\"IMG_0292-1\" src=\"http:\/\/www.wolle-landleben-design.de\/wp-content\/uploads\/2013\/07\/IMG_0292-1.jpg\" width=\"500\" height=\"333\" srcset=\"http:\/\/www.wolle-landleben-design.de\/wp-content\/uploads\/2013\/07\/IMG_0292-1.jpg 500w, http:\/\/www.wolle-landleben-design.de\/wp-content\/uploads\/2013\/07\/IMG_0292-1-150x99.jpg 150w, http:\/\/www.wolle-landleben-design.de\/wp-content\/uploads\/2013\/07\/IMG_0292-1-300x199.jpg 300w, http:\/\/www.wolle-landleben-design.de\/wp-content\/uploads\/2013\/07\/IMG_0292-1-450x300.jpg 450w\" sizes=\"auto, (max-width: 500px) 100vw, 500px\" \/><\/a><a href=\"http:\/\/www.wolle-landleben-design.de\/wp-content\/uploads\/2013\/07\/IMG_0297-1.jpg\"><img loading=\"lazy\" decoding=\"async\" class=\"aligncenter size-full wp-image-639\" alt=\"IMG_0297-1\" src=\"http:\/\/www.wolle-landleben-design.de\/wp-content\/uploads\/2013\/07\/IMG_0297-1.jpg\" width=\"500\" height=\"333\" srcset=\"http:\/\/www.wolle-landleben-design.de\/wp-content\/uploads\/2013\/07\/IMG_0297-1.jpg 500w, http:\/\/www.wolle-landleben-design.de\/wp-content\/uploads\/2013\/07\/IMG_0297-1-150x99.jpg 150w, http:\/\/www.wolle-landleben-design.de\/wp-content\/uploads\/2013\/07\/IMG_0297-1-300x199.jpg 300w, http:\/\/www.wolle-landleben-design.de\/wp-content\/uploads\/2013\/07\/IMG_0297-1-450x300.jpg 450w\" sizes=\"auto, (max-width: 500px) 100vw, 500px\" \/><\/a>Die einzigen, die nicht gef\u00fcttert werden wollen,<br \/>\nzumindest jetzt noch nicht, sind die Bienen.<br \/>\n<a href=\"http:\/\/www.wolle-landleben-design.de\/wp-content\/uploads\/2013\/07\/IMG_0367-1.jpg\"><img loading=\"lazy\" decoding=\"async\" class=\"aligncenter size-full wp-image-640\" alt=\"IMG_0367-1\" src=\"http:\/\/www.wolle-landleben-design.de\/wp-content\/uploads\/2013\/07\/IMG_0367-1.jpg\" width=\"500\" height=\"333\" srcset=\"http:\/\/www.wolle-landleben-design.de\/wp-content\/uploads\/2013\/07\/IMG_0367-1.jpg 500w, http:\/\/www.wolle-landleben-design.de\/wp-content\/uploads\/2013\/07\/IMG_0367-1-150x99.jpg 150w, http:\/\/www.wolle-landleben-design.de\/wp-content\/uploads\/2013\/07\/IMG_0367-1-300x199.jpg 300w, http:\/\/www.wolle-landleben-design.de\/wp-content\/uploads\/2013\/07\/IMG_0367-1-450x300.jpg 450w\" sizes=\"auto, (max-width: 500px) 100vw, 500px\" \/><\/a>Sie haben ihren eigenen Blog : \u00a0<strong><a href=\"http:\/\/www.rocky-highlands.de\/wordpress\/\">Eifel-Bienen<\/a><\/strong><\/p>\n","protected":false},"excerpt":{"rendered":"<p>Hier einmal ein kleiner \u00dcberblick \u00fcber unsere Mitbewohner, die morgens und abends lautstark nach Futter rufen. Neben den vier Aquarien und den drei Labradors w\u00e4ren da zun\u00e4chst die Gr\u00fcnleger, die sich bei diesem hei\u00dfen Wetter am liebsten unter den B\u00fcschen &hellip; <a href=\"http:\/\/www.wolle-landleben-design.de\/?p=627\">Weiterlesen <span class=\"meta-nav\">&rarr;<\/span><\/a><\/p>\n","protected":false},"author":1,"featured_media":0,"comment_status":"closed","ping_status":"open","sticky":false,"template":"","format":"standard","meta":{"footnotes":""},"categories":[4],"tags":[],"class_list":["post-627","post","type-post","status-publish","format-standard","hentry","category-landleben-garten-tiere"],"_links":{"self":[{"href":"http:\/\/www.wolle-landleben-design.de\/index.php?rest_route=\/wp\/v2\/posts\/627","targetHints":{"allow":["GET"]}}],"collection":[{"href":"http:\/\/www.wolle-landleben-design.de\/index.php?rest_route=\/wp\/v2\/posts"}],"about":[{"href":"http:\/\/www.wolle-landleben-design.de\/index.php?rest_route=\/wp\/v2\/types\/post"}],"author":[{"embeddable":true,"href":"http:\/\/www.wolle-landleben-design.de\/index.php?rest_route=\/wp\/v2\/users\/1"}],"replies":[{"embeddable":true,"href":"http:\/\/www.wolle-landleben-design.de\/index.php?rest_route=%2Fwp%2Fv2%2Fcomments&post=627"}],"version-history":[{"count":9,"href":"http:\/\/www.wolle-landleben-design.de\/index.php?rest_route=\/wp\/v2\/posts\/627\/revisions"}],"predecessor-version":[{"id":690,"href":"http:\/\/www.wolle-landleben-design.de\/index.php?rest_route=\/wp\/v2\/posts\/627\/revisions\/690"}],"wp:attachment":[{"href":"http:\/\/www.wolle-landleben-design.de\/index.php?rest_route=%2Fwp%2Fv2%2Fmedia&parent=627"}],"wp:term":[{"taxonomy":"category","embeddable":true,"href":"http:\/\/www.wolle-landleben-design.de\/index.php?rest_route=%2Fwp%2Fv2%2Fcategories&post=627"},{"taxonomy":"post_tag","embeddable":true,"href":"http:\/\/www.wolle-landleben-design.de\/index.php?rest_route=%2Fwp%2Fv2%2Ftags&post=627"}],"curies":[{"name":"wp","href":"https:\/\/api.w.org\/{rel}","templated":true}]}}