{"id":790,"date":"2013-11-26T11:10:05","date_gmt":"2013-11-26T09:10:05","guid":{"rendered":"http:\/\/W\u00e4hrend%20ich%20diesen%20fantastischen%20Garten-Foto-Blog\u00a0betrachtete,zauberte%20die%20Sonne%20f\u00fcr%20wenige%20Minuten%20einen%20M\u00e4rchengarten."},"modified":"2018-06-08T20:06:52","modified_gmt":"2018-06-08T18:06:52","slug":"790","status":"publish","type":"post","link":"http:\/\/www.wolle-landleben-design.de\/?p=790","title":{"rendered":""},"content":{"rendered":"<p style=\"text-align: center;\">Die Sonne zauberte f\u00fcr wenige Minuten einen M\u00e4rchengarten.<\/p>\n<p style=\"text-align: center;\"><img loading=\"lazy\" decoding=\"async\" class=\"aligncenter size-full wp-image-791\" src=\"http:\/\/www.wolle-landleben-design.de\/wp-content\/uploads\/2013\/11\/IMG_0747-1.jpg\" alt=\"IMG_0747-1\" width=\"500\" height=\"333\" srcset=\"http:\/\/www.wolle-landleben-design.de\/wp-content\/uploads\/2013\/11\/IMG_0747-1.jpg 500w, http:\/\/www.wolle-landleben-design.de\/wp-content\/uploads\/2013\/11\/IMG_0747-1-150x99.jpg 150w, http:\/\/www.wolle-landleben-design.de\/wp-content\/uploads\/2013\/11\/IMG_0747-1-300x199.jpg 300w, http:\/\/www.wolle-landleben-design.de\/wp-content\/uploads\/2013\/11\/IMG_0747-1-450x300.jpg 450w\" sizes=\"auto, (max-width: 500px) 100vw, 500px\" \/><\/p>\n<p style=\"text-align: center;\"><img loading=\"lazy\" decoding=\"async\" class=\"aligncenter size-full wp-image-792\" src=\"http:\/\/www.wolle-landleben-design.de\/wp-content\/uploads\/2013\/11\/IMG_0752-1.jpg\" alt=\"IMG_0752-1\" width=\"500\" height=\"333\" srcset=\"http:\/\/www.wolle-landleben-design.de\/wp-content\/uploads\/2013\/11\/IMG_0752-1.jpg 500w, http:\/\/www.wolle-landleben-design.de\/wp-content\/uploads\/2013\/11\/IMG_0752-1-150x99.jpg 150w, http:\/\/www.wolle-landleben-design.de\/wp-content\/uploads\/2013\/11\/IMG_0752-1-300x199.jpg 300w, http:\/\/www.wolle-landleben-design.de\/wp-content\/uploads\/2013\/11\/IMG_0752-1-450x300.jpg 450w\" sizes=\"auto, (max-width: 500px) 100vw, 500px\" \/><\/p>\n<p style=\"text-align: center;\"><img loading=\"lazy\" decoding=\"async\" class=\"aligncenter size-full wp-image-794\" src=\"http:\/\/www.wolle-landleben-design.de\/wp-content\/uploads\/2013\/11\/IMG_0748-1.jpg\" alt=\"IMG_0748-1\" width=\"500\" height=\"333\" srcset=\"http:\/\/www.wolle-landleben-design.de\/wp-content\/uploads\/2013\/11\/IMG_0748-1.jpg 500w, http:\/\/www.wolle-landleben-design.de\/wp-content\/uploads\/2013\/11\/IMG_0748-1-150x99.jpg 150w, http:\/\/www.wolle-landleben-design.de\/wp-content\/uploads\/2013\/11\/IMG_0748-1-300x199.jpg 300w, http:\/\/www.wolle-landleben-design.de\/wp-content\/uploads\/2013\/11\/IMG_0748-1-450x300.jpg 450w\" sizes=\"auto, (max-width: 500px) 100vw, 500px\" \/><\/p>\n<p style=\"text-align: center;\"><img loading=\"lazy\" decoding=\"async\" class=\"aligncenter size-full wp-image-793\" src=\"http:\/\/www.wolle-landleben-design.de\/wp-content\/uploads\/2013\/11\/IMG_0753-1.jpg\" alt=\"IMG_0753-1\" width=\"500\" height=\"333\" srcset=\"http:\/\/www.wolle-landleben-design.de\/wp-content\/uploads\/2013\/11\/IMG_0753-1.jpg 500w, http:\/\/www.wolle-landleben-design.de\/wp-content\/uploads\/2013\/11\/IMG_0753-1-150x99.jpg 150w, http:\/\/www.wolle-landleben-design.de\/wp-content\/uploads\/2013\/11\/IMG_0753-1-300x199.jpg 300w, http:\/\/www.wolle-landleben-design.de\/wp-content\/uploads\/2013\/11\/IMG_0753-1-450x300.jpg 450w\" sizes=\"auto, (max-width: 500px) 100vw, 500px\" \/><\/p>\n<p style=\"text-align: center;\"><img loading=\"lazy\" decoding=\"async\" class=\"aligncenter size-full wp-image-796\" src=\"http:\/\/www.wolle-landleben-design.de\/wp-content\/uploads\/2013\/11\/IMG_0754-1.jpg\" alt=\"IMG_0754-1\" width=\"500\" height=\"333\" srcset=\"http:\/\/www.wolle-landleben-design.de\/wp-content\/uploads\/2013\/11\/IMG_0754-1.jpg 500w, http:\/\/www.wolle-landleben-design.de\/wp-content\/uploads\/2013\/11\/IMG_0754-1-150x99.jpg 150w, http:\/\/www.wolle-landleben-design.de\/wp-content\/uploads\/2013\/11\/IMG_0754-1-300x199.jpg 300w, http:\/\/www.wolle-landleben-design.de\/wp-content\/uploads\/2013\/11\/IMG_0754-1-450x300.jpg 450w\" sizes=\"auto, (max-width: 500px) 100vw, 500px\" \/><\/p>\n<p style=\"text-align: center;\">F\u00fcr die letzten Bl\u00fctengr\u00fc\u00dfe hatte sich die Sonne schon wieder verabschiedet.<br \/>\n<img loading=\"lazy\" decoding=\"async\" class=\"aligncenter size-full wp-image-797\" src=\"http:\/\/www.wolle-landleben-design.de\/wp-content\/uploads\/2013\/11\/IMG_0758-1.jpg\" alt=\"IMG_0758-1\" width=\"500\" height=\"333\" srcset=\"http:\/\/www.wolle-landleben-design.de\/wp-content\/uploads\/2013\/11\/IMG_0758-1.jpg 500w, http:\/\/www.wolle-landleben-design.de\/wp-content\/uploads\/2013\/11\/IMG_0758-1-150x99.jpg 150w, http:\/\/www.wolle-landleben-design.de\/wp-content\/uploads\/2013\/11\/IMG_0758-1-300x199.jpg 300w, http:\/\/www.wolle-landleben-design.de\/wp-content\/uploads\/2013\/11\/IMG_0758-1-450x300.jpg 450w\" sizes=\"auto, (max-width: 500px) 100vw, 500px\" \/><img loading=\"lazy\" decoding=\"async\" class=\"aligncenter size-full wp-image-798\" src=\"http:\/\/www.wolle-landleben-design.de\/wp-content\/uploads\/2013\/11\/IMG_0765-1.jpg\" alt=\"IMG_0765-1\" width=\"500\" height=\"333\" srcset=\"http:\/\/www.wolle-landleben-design.de\/wp-content\/uploads\/2013\/11\/IMG_0765-1.jpg 500w, http:\/\/www.wolle-landleben-design.de\/wp-content\/uploads\/2013\/11\/IMG_0765-1-150x99.jpg 150w, http:\/\/www.wolle-landleben-design.de\/wp-content\/uploads\/2013\/11\/IMG_0765-1-300x199.jpg 300w, http:\/\/www.wolle-landleben-design.de\/wp-content\/uploads\/2013\/11\/IMG_0765-1-450x300.jpg 450w\" sizes=\"auto, (max-width: 500px) 100vw, 500px\" \/><img loading=\"lazy\" decoding=\"async\" class=\"aligncenter size-full wp-image-799\" src=\"http:\/\/www.wolle-landleben-design.de\/wp-content\/uploads\/2013\/11\/IMG_0768-1.jpg\" alt=\"IMG_0768-1\" width=\"500\" height=\"333\" srcset=\"http:\/\/www.wolle-landleben-design.de\/wp-content\/uploads\/2013\/11\/IMG_0768-1.jpg 500w, http:\/\/www.wolle-landleben-design.de\/wp-content\/uploads\/2013\/11\/IMG_0768-1-150x99.jpg 150w, http:\/\/www.wolle-landleben-design.de\/wp-content\/uploads\/2013\/11\/IMG_0768-1-300x199.jpg 300w, http:\/\/www.wolle-landleben-design.de\/wp-content\/uploads\/2013\/11\/IMG_0768-1-450x300.jpg 450w\" sizes=\"auto, (max-width: 500px) 100vw, 500px\" \/><\/p>\n","protected":false},"excerpt":{"rendered":"<p>Die Sonne zauberte f\u00fcr wenige Minuten einen M\u00e4rchengarten. F\u00fcr die letzten Bl\u00fctengr\u00fc\u00dfe hatte sich die Sonne schon wieder verabschiedet.<\/p>\n","protected":false},"author":1,"featured_media":0,"comment_status":"closed","ping_status":"open","sticky":false,"template":"","format":"standard","meta":{"footnotes":""},"categories":[4],"tags":[33],"class_list":["post-790","post","type-post","status-publish","format-standard","hentry","category-landleben-garten-tiere","tag-garten"],"_links":{"self":[{"href":"http:\/\/www.wolle-landleben-design.de\/index.php?rest_route=\/wp\/v2\/posts\/790","targetHints":{"allow":["GET"]}}],"collection":[{"href":"http:\/\/www.wolle-landleben-design.de\/index.php?rest_route=\/wp\/v2\/posts"}],"about":[{"href":"http:\/\/www.wolle-landleben-design.de\/index.php?rest_route=\/wp\/v2\/types\/post"}],"author":[{"embeddable":true,"href":"http:\/\/www.wolle-landleben-design.de\/index.php?rest_route=\/wp\/v2\/users\/1"}],"replies":[{"embeddable":true,"href":"http:\/\/www.wolle-landleben-design.de\/index.php?rest_route=%2Fwp%2Fv2%2Fcomments&post=790"}],"version-history":[{"count":4,"href":"http:\/\/www.wolle-landleben-design.de\/index.php?rest_route=\/wp\/v2\/posts\/790\/revisions"}],"predecessor-version":[{"id":1620,"href":"http:\/\/www.wolle-landleben-design.de\/index.php?rest_route=\/wp\/v2\/posts\/790\/revisions\/1620"}],"wp:attachment":[{"href":"http:\/\/www.wolle-landleben-design.de\/index.php?rest_route=%2Fwp%2Fv2%2Fmedia&parent=790"}],"wp:term":[{"taxonomy":"category","embeddable":true,"href":"http:\/\/www.wolle-landleben-design.de\/index.php?rest_route=%2Fwp%2Fv2%2Fcategories&post=790"},{"taxonomy":"post_tag","embeddable":true,"href":"http:\/\/www.wolle-landleben-design.de\/index.php?rest_route=%2Fwp%2Fv2%2Ftags&post=790"}],"curies":[{"name":"wp","href":"https:\/\/api.w.org\/{rel}","templated":true}]}}