{"id":855,"date":"2014-03-19T20:08:02","date_gmt":"2014-03-19T18:08:02","guid":{"rendered":"http:\/\/www.wolle-landleben-design.de\/?p=855"},"modified":"2018-05-16T18:26:26","modified_gmt":"2018-05-16T16:26:26","slug":"muster-der-fadenstille","status":"publish","type":"post","link":"http:\/\/www.wolle-landleben-design.de\/?p=855","title":{"rendered":"Muster der Fadenstille &#8230;"},"content":{"rendered":"<p style=\"text-align: center;\">&#8230; in einer Jacke verarbeitet.<br \/>\n<img loading=\"lazy\" decoding=\"async\" class=\"aligncenter size-full wp-image-856\" src=\"http:\/\/www.wolle-landleben-design.de\/wp-content\/uploads\/2014\/03\/IMG_0905-1.jpg\" alt=\"IMG_0905-1\" width=\"500\" height=\"333\" srcset=\"http:\/\/www.wolle-landleben-design.de\/wp-content\/uploads\/2014\/03\/IMG_0905-1.jpg 500w, http:\/\/www.wolle-landleben-design.de\/wp-content\/uploads\/2014\/03\/IMG_0905-1-150x99.jpg 150w, http:\/\/www.wolle-landleben-design.de\/wp-content\/uploads\/2014\/03\/IMG_0905-1-300x199.jpg 300w, http:\/\/www.wolle-landleben-design.de\/wp-content\/uploads\/2014\/03\/IMG_0905-1-450x300.jpg 450w\" sizes=\"auto, (max-width: 500px) 100vw, 500px\" \/>Es sollte ein Raglan-von-oben werden, in dem die verschiedenen<br \/>\nBlattmuster der Fadenstille verarbeitet sind.<br \/>\n<img loading=\"lazy\" decoding=\"async\" class=\"aligncenter size-full wp-image-857\" src=\"http:\/\/www.wolle-landleben-design.de\/wp-content\/uploads\/2014\/03\/IMG_0908-1.jpg\" alt=\"IMG_0908-1\" width=\"333\" height=\"500\" srcset=\"http:\/\/www.wolle-landleben-design.de\/wp-content\/uploads\/2014\/03\/IMG_0908-1.jpg 333w, http:\/\/www.wolle-landleben-design.de\/wp-content\/uploads\/2014\/03\/IMG_0908-1-99x150.jpg 99w, http:\/\/www.wolle-landleben-design.de\/wp-content\/uploads\/2014\/03\/IMG_0908-1-199x300.jpg 199w\" sizes=\"auto, (max-width: 333px) 100vw, 333px\" \/>\u00a0Kragen, Saum- und \u00c4rmelabschluss findet man in Bl\u00e4tterrauschen.<strong><br \/>\n<\/strong><br \/>\n<img loading=\"lazy\" decoding=\"async\" class=\"aligncenter size-full wp-image-859\" src=\"http:\/\/www.wolle-landleben-design.de\/wp-content\/uploads\/2014\/03\/IMG_0907-1.jpg\" alt=\"IMG_0907-1\" width=\"500\" height=\"333\" srcset=\"http:\/\/www.wolle-landleben-design.de\/wp-content\/uploads\/2014\/03\/IMG_0907-1.jpg 500w, http:\/\/www.wolle-landleben-design.de\/wp-content\/uploads\/2014\/03\/IMG_0907-1-150x99.jpg 150w, http:\/\/www.wolle-landleben-design.de\/wp-content\/uploads\/2014\/03\/IMG_0907-1-300x199.jpg 300w, http:\/\/www.wolle-landleben-design.de\/wp-content\/uploads\/2014\/03\/IMG_0907-1-450x300.jpg 450w\" sizes=\"auto, (max-width: 500px) 100vw, 500px\" \/><img loading=\"lazy\" decoding=\"async\" class=\"aligncenter size-full wp-image-861\" src=\"http:\/\/www.wolle-landleben-design.de\/wp-content\/uploads\/2014\/03\/IMG_0910-1.jpg\" alt=\"IMG_0910-1\" width=\"500\" height=\"333\" srcset=\"http:\/\/www.wolle-landleben-design.de\/wp-content\/uploads\/2014\/03\/IMG_0910-1.jpg 500w, http:\/\/www.wolle-landleben-design.de\/wp-content\/uploads\/2014\/03\/IMG_0910-1-150x99.jpg 150w, http:\/\/www.wolle-landleben-design.de\/wp-content\/uploads\/2014\/03\/IMG_0910-1-300x199.jpg 300w, http:\/\/www.wolle-landleben-design.de\/wp-content\/uploads\/2014\/03\/IMG_0910-1-450x300.jpg 450w\" sizes=\"auto, (max-width: 500px) 100vw, 500px\" \/>Die Weite an \u00c4rmel und H\u00fcfte entsteht durch die Zunahme<br \/>\ninnerhalb der Bord\u00fcre der Elfenstille<a href=\"http:\/\/www.wolle-landleben-design.de\/?p=434\">.<\/a><br \/>\n<img loading=\"lazy\" decoding=\"async\" src=\"http:\/\/www.wolle-landleben-design.de\/wp-content\/uploads\/2014\/03\/IMG_0906-1.jpg\" alt=\"IMG_0906-1\" width=\"333\" height=\"500\" \/><\/p>\n<p style=\"text-align: center;\">Die Eicheln und verschiedene Blattmuster liefert ebenfalls die\u00a0Elfenstille.<br \/>\n<img loading=\"lazy\" decoding=\"async\" class=\"aligncenter size-full wp-image-860\" src=\"http:\/\/www.wolle-landleben-design.de\/wp-content\/uploads\/2014\/03\/IMG_0909-1.jpg\" alt=\"IMG_0909-1\" width=\"333\" height=\"500\" srcset=\"http:\/\/www.wolle-landleben-design.de\/wp-content\/uploads\/2014\/03\/IMG_0909-1.jpg 333w, http:\/\/www.wolle-landleben-design.de\/wp-content\/uploads\/2014\/03\/IMG_0909-1-99x150.jpg 99w, http:\/\/www.wolle-landleben-design.de\/wp-content\/uploads\/2014\/03\/IMG_0909-1-199x300.jpg 199w\" sizes=\"auto, (max-width: 333px) 100vw, 333px\" \/>Die Muster liegen auf R\u00fccken und Armen in der Mitte,<br \/>\nbei den Vorderteilen leicht Richtung Blende versetzt.<\/p>\n","protected":false},"excerpt":{"rendered":"<p>&#8230; in einer Jacke verarbeitet. Es sollte ein Raglan-von-oben werden, in dem die verschiedenen Blattmuster der Fadenstille verarbeitet sind. \u00a0Kragen, Saum- und \u00c4rmelabschluss findet man in Bl\u00e4tterrauschen. Die Weite an \u00c4rmel und H\u00fcfte entsteht durch die Zunahme innerhalb der Bord\u00fcre &hellip; <a href=\"http:\/\/www.wolle-landleben-design.de\/?p=855\">Weiterlesen <span class=\"meta-nav\">&rarr;<\/span><\/a><\/p>\n","protected":false},"author":1,"featured_media":0,"comment_status":"closed","ping_status":"open","sticky":false,"template":"","format":"standard","meta":{"footnotes":""},"categories":[5],"tags":[13,79],"class_list":["post-855","post","type-post","status-publish","format-standard","hentry","category-design","tag-spinnen","tag-stricken"],"_links":{"self":[{"href":"http:\/\/www.wolle-landleben-design.de\/index.php?rest_route=\/wp\/v2\/posts\/855","targetHints":{"allow":["GET"]}}],"collection":[{"href":"http:\/\/www.wolle-landleben-design.de\/index.php?rest_route=\/wp\/v2\/posts"}],"about":[{"href":"http:\/\/www.wolle-landleben-design.de\/index.php?rest_route=\/wp\/v2\/types\/post"}],"author":[{"embeddable":true,"href":"http:\/\/www.wolle-landleben-design.de\/index.php?rest_route=\/wp\/v2\/users\/1"}],"replies":[{"embeddable":true,"href":"http:\/\/www.wolle-landleben-design.de\/index.php?rest_route=%2Fwp%2Fv2%2Fcomments&post=855"}],"version-history":[{"count":5,"href":"http:\/\/www.wolle-landleben-design.de\/index.php?rest_route=\/wp\/v2\/posts\/855\/revisions"}],"predecessor-version":[{"id":1599,"href":"http:\/\/www.wolle-landleben-design.de\/index.php?rest_route=\/wp\/v2\/posts\/855\/revisions\/1599"}],"wp:attachment":[{"href":"http:\/\/www.wolle-landleben-design.de\/index.php?rest_route=%2Fwp%2Fv2%2Fmedia&parent=855"}],"wp:term":[{"taxonomy":"category","embeddable":true,"href":"http:\/\/www.wolle-landleben-design.de\/index.php?rest_route=%2Fwp%2Fv2%2Fcategories&post=855"},{"taxonomy":"post_tag","embeddable":true,"href":"http:\/\/www.wolle-landleben-design.de\/index.php?rest_route=%2Fwp%2Fv2%2Ftags&post=855"}],"curies":[{"name":"wp","href":"https:\/\/api.w.org\/{rel}","templated":true}]}}