{"id":877,"date":"2014-04-29T19:26:11","date_gmt":"2014-04-29T17:26:11","guid":{"rendered":"http:\/\/www.wolle-landleben-design.de\/?p=877"},"modified":"2018-05-16T18:23:38","modified_gmt":"2018-05-16T16:23:38","slug":"wellen","status":"publish","type":"post","link":"http:\/\/www.wolle-landleben-design.de\/?p=877","title":{"rendered":"Wellen"},"content":{"rendered":"<p style=\"text-align: center;\">Gesponnen und gestrickt aus handgef\u00e4rbten \u00a0BFL- \u00a0und Polwarth-Z\u00f6pfen von<br \/>\nMohairdesign.<br \/>\n<img loading=\"lazy\" decoding=\"async\" class=\"aligncenter size-full wp-image-878\" src=\"http:\/\/www.wolle-landleben-design.de\/wp-content\/uploads\/2014\/04\/IMG_0937-1.jpg\" alt=\"IMG_0937-1\" width=\"500\" height=\"333\" srcset=\"http:\/\/www.wolle-landleben-design.de\/wp-content\/uploads\/2014\/04\/IMG_0937-1.jpg 500w, http:\/\/www.wolle-landleben-design.de\/wp-content\/uploads\/2014\/04\/IMG_0937-1-150x99.jpg 150w, http:\/\/www.wolle-landleben-design.de\/wp-content\/uploads\/2014\/04\/IMG_0937-1-300x199.jpg 300w, http:\/\/www.wolle-landleben-design.de\/wp-content\/uploads\/2014\/04\/IMG_0937-1-450x300.jpg 450w\" sizes=\"auto, (max-width: 500px) 100vw, 500px\" \/><img loading=\"lazy\" decoding=\"async\" class=\"aligncenter size-full wp-image-879\" src=\"http:\/\/www.wolle-landleben-design.de\/wp-content\/uploads\/2014\/04\/IMG_0940-1.jpg\" alt=\"IMG_0940-1\" width=\"500\" height=\"333\" srcset=\"http:\/\/www.wolle-landleben-design.de\/wp-content\/uploads\/2014\/04\/IMG_0940-1.jpg 500w, http:\/\/www.wolle-landleben-design.de\/wp-content\/uploads\/2014\/04\/IMG_0940-1-150x99.jpg 150w, http:\/\/www.wolle-landleben-design.de\/wp-content\/uploads\/2014\/04\/IMG_0940-1-300x199.jpg 300w, http:\/\/www.wolle-landleben-design.de\/wp-content\/uploads\/2014\/04\/IMG_0940-1-450x300.jpg 450w\" sizes=\"auto, (max-width: 500px) 100vw, 500px\" \/><img loading=\"lazy\" decoding=\"async\" class=\"aligncenter size-full wp-image-880\" src=\"http:\/\/www.wolle-landleben-design.de\/wp-content\/uploads\/2014\/04\/IMG_0938-1.jpg\" alt=\"IMG_0938-1\" width=\"500\" height=\"333\" srcset=\"http:\/\/www.wolle-landleben-design.de\/wp-content\/uploads\/2014\/04\/IMG_0938-1.jpg 500w, http:\/\/www.wolle-landleben-design.de\/wp-content\/uploads\/2014\/04\/IMG_0938-1-150x99.jpg 150w, http:\/\/www.wolle-landleben-design.de\/wp-content\/uploads\/2014\/04\/IMG_0938-1-300x199.jpg 300w, http:\/\/www.wolle-landleben-design.de\/wp-content\/uploads\/2014\/04\/IMG_0938-1-450x300.jpg 450w\" sizes=\"auto, (max-width: 500px) 100vw, 500px\" \/>Die kraus rechten Rippen sind uni blau, w\u00e4hrend das Garn f\u00fcr das Lochmuster<br \/>\naus <a href=\"http:\/\/www.wolle-landleben-design.de\/?p=778\"><strong>dieser Aktion<\/strong><\/a> stammt.<br \/>\nIm Shale-Muster ist es umgekehrt.<\/p>\n<p style=\"text-align: center;\">Das Tuch misst in der Mitte 80 cm, die obere Kante ist 215 cm lang.<\/p>\n","protected":false},"excerpt":{"rendered":"<p>Gesponnen und gestrickt aus handgef\u00e4rbten \u00a0BFL- \u00a0und Polwarth-Z\u00f6pfen von Mohairdesign. Die kraus rechten Rippen sind uni blau, w\u00e4hrend das Garn f\u00fcr das Lochmuster aus dieser Aktion stammt. Im Shale-Muster ist es umgekehrt. Das Tuch misst in der Mitte 80 cm, &hellip; <a href=\"http:\/\/www.wolle-landleben-design.de\/?p=877\">Weiterlesen <span class=\"meta-nav\">&rarr;<\/span><\/a><\/p>\n","protected":false},"author":1,"featured_media":0,"comment_status":"closed","ping_status":"open","sticky":false,"template":"","format":"standard","meta":{"footnotes":""},"categories":[5],"tags":[13,79],"class_list":["post-877","post","type-post","status-publish","format-standard","hentry","category-design","tag-spinnen","tag-stricken"],"_links":{"self":[{"href":"http:\/\/www.wolle-landleben-design.de\/index.php?rest_route=\/wp\/v2\/posts\/877","targetHints":{"allow":["GET"]}}],"collection":[{"href":"http:\/\/www.wolle-landleben-design.de\/index.php?rest_route=\/wp\/v2\/posts"}],"about":[{"href":"http:\/\/www.wolle-landleben-design.de\/index.php?rest_route=\/wp\/v2\/types\/post"}],"author":[{"embeddable":true,"href":"http:\/\/www.wolle-landleben-design.de\/index.php?rest_route=\/wp\/v2\/users\/1"}],"replies":[{"embeddable":true,"href":"http:\/\/www.wolle-landleben-design.de\/index.php?rest_route=%2Fwp%2Fv2%2Fcomments&post=877"}],"version-history":[{"count":3,"href":"http:\/\/www.wolle-landleben-design.de\/index.php?rest_route=\/wp\/v2\/posts\/877\/revisions"}],"predecessor-version":[{"id":1597,"href":"http:\/\/www.wolle-landleben-design.de\/index.php?rest_route=\/wp\/v2\/posts\/877\/revisions\/1597"}],"wp:attachment":[{"href":"http:\/\/www.wolle-landleben-design.de\/index.php?rest_route=%2Fwp%2Fv2%2Fmedia&parent=877"}],"wp:term":[{"taxonomy":"category","embeddable":true,"href":"http:\/\/www.wolle-landleben-design.de\/index.php?rest_route=%2Fwp%2Fv2%2Fcategories&post=877"},{"taxonomy":"post_tag","embeddable":true,"href":"http:\/\/www.wolle-landleben-design.de\/index.php?rest_route=%2Fwp%2Fv2%2Ftags&post=877"}],"curies":[{"name":"wp","href":"https:\/\/api.w.org\/{rel}","templated":true}]}}